{"id":182755,"date":"2021-05-20T19:06:43","date_gmt":"2021-05-20T22:06:43","guid":{"rendered":"https:\/\/diarioregionaldigital.com.br\/?p=182755"},"modified":"2021-05-20T19:07:08","modified_gmt":"2021-05-20T22:07:08","slug":"parque-da-lajinha-sera-reaberto-neste-sabado-dia-22","status":"publish","type":"post","link":"https:\/\/diarioregionaldigital.com.br\/?p=182755","title":{"rendered":"Parque da Lajinha ser\u00e1 reaberto neste s\u00e1bado, dia 22"},"content":{"rendered":"<p>O Parque Municipal da Lajinha ser\u00e1 reaberto para visita\u00e7\u00e3o p\u00fablica a partir deste s\u00e1bado, dia 22, em raz\u00e3o da mudan\u00e7a para a Faixa Laranja do Programa \u201cJuiz de Fora Vida\u201d que prev\u00ea a reabertura dos espa\u00e7os p\u00fablicos. O hor\u00e1rio de funcionamento ser\u00e1 das 8h \u00e0s 14h, de ter\u00e7a-feira a domingo, e estar\u00e1 permitida a perman\u00eancia de 200 pessoas no local ao mesmo tempo.<\/p>\n<p>O estacionamento interno, onde j\u00e1 foram conclu\u00eddas as obras de instala\u00e7\u00e3o do novo cal\u00e7amento, disponibilizar\u00e1 35 vagas. Permanecer\u00e1 suspensos os ensaios fotogr\u00e1ficos, a realiza\u00e7\u00e3o de eventos e piqueniques. Os parques infantis e os aparelhos de gin\u00e1stica continuar\u00e3o fechados. Na fila para entrada, haver\u00e1 a aferi\u00e7\u00e3o da temperatura e deve-se manter a dist\u00e2ncia m\u00ednima de dois metros entre as pessoas, respeitando as sinaliza\u00e7\u00f5es de distanciamento no ch\u00e3o. O uso dos bebedouros somente ser\u00e1 permitido com garrafas ou copos, sendo proibido o jato diretamente na boca. Tamb\u00e9m ser\u00e1 obrigat\u00f3rio usar m\u00e1scaras durante toda a visita\u00e7\u00e3o.<\/p>\n<p>O servi\u00e7o de pedalinho, inaugurado durante a pandemia, ser\u00e1 mantido, seguindo cuidados muito rigorosos, como a distribui\u00e7\u00e3o de senhas para evitar filas, a utiliza\u00e7\u00e3o do \u00e1lcool nas m\u00e3os e tamb\u00e9m na higieniza\u00e7\u00e3o dos pedalinhos e coletes.<br \/>\nO controle de todos os protocolos \u00e9 realizado pelos servidores do parque, juntamente com a Guarda Municipal Ambiental. A reabertura do espa\u00e7o foi poss\u00edvel devido \u00e0 parceria com a Secretaria de Esporte e Lazer (SEL), Departamento Municipal de Limpeza Urbana (Demlurb) e o Instituto Estadual de Florestas (IEF).<\/p>\n<p>Fonte: Assessoria<\/p>\n","protected":false},"excerpt":{"rendered":"<p>O Parque Municipal da Lajinha ser\u00e1 reaberto para visita\u00e7\u00e3o p\u00fablica a partir deste s\u00e1bado, dia 22, em raz\u00e3o da mudan\u00e7a para a Faixa Laranja do Programa \u201cJuiz de Fora Vida\u201d que prev\u00ea a reabertura dos espa\u00e7os p\u00fablicos. O hor\u00e1rio de funcionamento ser\u00e1 das 8h \u00e0s 14h, de ter\u00e7a-feira a domingo, e estar\u00e1 permitida a perman\u00eancia [&hellip;]<\/p>\n","protected":false},"author":246,"featured_media":182756,"comment_status":"closed","ping_status":"closed","sticky":false,"template":"","format":"standard","meta":{"footnotes":""},"categories":[253,439],"tags":[],"class_list":["post-182755","post","type-post","status-publish","format-standard","has-post-thumbnail","hentry","category-cidade","category-ultima-hora"],"_links":{"self":[{"href":"https:\/\/diarioregionaldigital.com.br\/index.php?rest_route=\/wp\/v2\/posts\/182755","targetHints":{"allow":["GET"]}}],"collection":[{"href":"https:\/\/diarioregionaldigital.com.br\/index.php?rest_route=\/wp\/v2\/posts"}],"about":[{"href":"https:\/\/diarioregionaldigital.com.br\/index.php?rest_route=\/wp\/v2\/types\/post"}],"author":[{"embeddable":true,"href":"https:\/\/diarioregionaldigital.com.br\/index.php?rest_route=\/wp\/v2\/users\/246"}],"replies":[{"embeddable":true,"href":"https:\/\/diarioregionaldigital.com.br\/index.php?rest_route=%2Fwp%2Fv2%2Fcomments&post=182755"}],"version-history":[{"count":1,"href":"https:\/\/diarioregionaldigital.com.br\/index.php?rest_route=\/wp\/v2\/posts\/182755\/revisions"}],"predecessor-version":[{"id":182757,"href":"https:\/\/diarioregionaldigital.com.br\/index.php?rest_route=\/wp\/v2\/posts\/182755\/revisions\/182757"}],"wp:featuredmedia":[{"embeddable":true,"href":"https:\/\/diarioregionaldigital.com.br\/index.php?rest_route=\/wp\/v2\/media\/182756"}],"wp:attachment":[{"href":"https:\/\/diarioregionaldigital.com.br\/index.php?rest_route=%2Fwp%2Fv2%2Fmedia&parent=182755"}],"wp:term":[{"taxonomy":"category","embeddable":true,"href":"https:\/\/diarioregionaldigital.com.br\/index.php?rest_route=%2Fwp%2Fv2%2Fcategories&post=182755"},{"taxonomy":"post_tag","embeddable":true,"href":"https:\/\/diarioregionaldigital.com.br\/index.php?rest_route=%2Fwp%2Fv2%2Ftags&post=182755"}],"curies":[{"name":"wp","href":"https:\/\/api.w.org\/{rel}","templated":true}]}}