{"id":182749,"date":"2021-05-20T19:01:42","date_gmt":"2021-05-20T22:01:42","guid":{"rendered":"https:\/\/diarioregionaldigital.com.br\/?p=182749"},"modified":"2021-05-20T19:01:42","modified_gmt":"2021-05-20T22:01:42","slug":"secretaria-de-saude-termina-vacinacao-de-todas-as-pessoas-com-comorbidades-na-proxima-semana","status":"publish","type":"post","link":"https:\/\/diarioregionaldigital.com.br\/?p=182749","title":{"rendered":"Secretaria de Sa\u00fade termina vacina\u00e7\u00e3o de todas as pessoas com comorbidades na pr\u00f3xima semana"},"content":{"rendered":"<p>A Secretaria de Sa\u00fade (SS) da Prefeitura de Juiz de Fora (PJF) termina de vacinar todas as pessoas com comorbidades e defici\u00eancia permanente at\u00e9 o final da pr\u00f3xima semana. O novo calend\u00e1rio vai abranger todas as pessoas maiores de 18 anos e que se enquadram nos requisitos de vacina\u00e7\u00e3o. A imuniza\u00e7\u00e3o na cidade j\u00e1 atingiu 34% das pessoas eleg\u00edveis para receberem a vacina, ou seja, apenas maiores de idade. As vacinas n\u00e3o foram desenvolvidas e testadas em crian\u00e7as e adolescentes.<\/p>\n<p>O novo calend\u00e1rio come\u00e7a na pr\u00f3xima segunda-feira, 24, e atinge as idades de 36, 37, 38 e 39 anos; na ter\u00e7a-feira, 25, pessoas com 32, 33, 34 e 35 anos; quarta-feira, 26, pessoas com 28, 29, 30, 31 anos; quinta-feira, 27, ser\u00e3o os adultos com 24, 25, 26 e 27 anos; e, por fim, na sexta-feira, 28, as idades de 18, 19, 20, 21, 22 e 23 anos. Os locais de vacina\u00e7\u00e3o ainda ser\u00e3o definidos e divulgados.<\/p>\n<p>A SS pede muita aten\u00e7\u00e3o \u00e0s datas, pois as pessoas devem ir no dia correspondente \u00e0s suas idades. Para quem perder ou n\u00e3o puder comparecer, dever\u00e1 se dirigir aos locais de vacina\u00e7\u00e3o no s\u00e1bado, 29.<\/p>\n<p><b>Comorbidades que s\u00e3o priorizadas para imuniza\u00e7\u00e3o<\/b><\/p>\n<p>Dentre as comorbidades inclu\u00eddas como priorit\u00e1rias para o processo de vacina\u00e7\u00e3o contra o coronav\u00edrus encontram-se: diabetes, doen\u00e7as do cora\u00e7\u00e3o, doen\u00e7as pulmonares, hipertens\u00e3o arterial, c\u00e2ncer, insufici\u00eancia renal, imunossuprimidos, obesidade grau 3 (IMC\u226540), cerebrovasculares, transplantados de \u00f3rg\u00e3o s\u00f3lido ou de medula \u00f3ssea, cirrose hep\u00e1tica e anemia falciforme. As comorbidades est\u00e3o descritas no Plano de Operacionaliza\u00e7\u00e3o da Vacina\u00e7\u00e3o contra a Covid-19. A lista completa das comorbidades atendidas neste momento pode ser verificada\u00a0<a href=\"https:\/\/covid19.pjf.mg.gov.br\/vacinacao_comorbidades.php\"><b>no site da PJF.<\/b><\/a><\/p>\n<p><b>Documentos que comprovam comorbidades e Defici\u00eancia Permanente<\/b><\/p>\n<p>Como comprovante para as comorbidades podem ser apresentados: atestado m\u00e9dico ou declara\u00e7\u00e3o m\u00e9dica informando a comorbidade, ou receita de um medicamento de uso cont\u00ednuo, usado no tratamento, ou outro documento que identifique o acompanhamento da condi\u00e7\u00e3o cr\u00f4nica ou comorbidade listada. Todos estes t\u00eam que ter sido emitidos h\u00e1, no m\u00e1ximo, 12 meses. Para o caso das pessoas com defici\u00eancia, ser\u00e1 necess\u00e1rio um laudo m\u00e9dico dos \u00faltimos 12 meses que comprove a defici\u00eancia permanente. Al\u00e9m disso, devem ser apresentados, originais e c\u00f3pias, do Documento de Identidade (RG), CPF &#8211; nos casos que o n\u00famero n\u00e3o conste no RG &#8211; e comprovante de resid\u00eancia<\/p>\n<p><b>Confira aqui o calend\u00e1rio das pessoas com comorbidades e defici\u00eancia permanente (o local ainda ser\u00e1 anunciado)<\/b><\/p>\n<p>Segunda-feira, dia 24 &#8211; 36, 37, 38 e 39 anos<br \/>\nTer\u00e7a-feira, dia 25 &#8211; 32, 33, 34 e 35 anos<br \/>\nQuarta-feira, dia 26 &#8211; 28, 29, 30 e 31 anos<br \/>\nQuinta-feira, dia 27 &#8211; 24, 25, 26 e 27 anos<br \/>\nSexta-feira, dia 28 &#8211; 18, 19, 20, 21, 22 e 23 anos<br \/>\nS\u00e1bado, dia 29 &#8211; pessoas que n\u00e3o puderam comparecer no dia marcado.<\/p>\n<p>Fonte: Assessoria<\/p>\n","protected":false},"excerpt":{"rendered":"<p>A Secretaria de Sa\u00fade (SS) da Prefeitura de Juiz de Fora (PJF) termina de vacinar todas as pessoas com comorbidades e defici\u00eancia permanente at\u00e9 o final da pr\u00f3xima semana. O novo calend\u00e1rio vai abranger todas as pessoas maiores de 18 anos e que se enquadram nos requisitos de vacina\u00e7\u00e3o. A imuniza\u00e7\u00e3o na cidade j\u00e1 atingiu [&hellip;]<\/p>\n","protected":false},"author":246,"featured_media":182750,"comment_status":"closed","ping_status":"closed","sticky":false,"template":"","format":"standard","meta":{"footnotes":""},"categories":[253,440,439],"tags":[],"class_list":["post-182749","post","type-post","status-publish","format-standard","has-post-thumbnail","hentry","category-cidade","category-destaques-do-dia","category-ultima-hora"],"_links":{"self":[{"href":"https:\/\/diarioregionaldigital.com.br\/index.php?rest_route=\/wp\/v2\/posts\/182749","targetHints":{"allow":["GET"]}}],"collection":[{"href":"https:\/\/diarioregionaldigital.com.br\/index.php?rest_route=\/wp\/v2\/posts"}],"about":[{"href":"https:\/\/diarioregionaldigital.com.br\/index.php?rest_route=\/wp\/v2\/types\/post"}],"author":[{"embeddable":true,"href":"https:\/\/diarioregionaldigital.com.br\/index.php?rest_route=\/wp\/v2\/users\/246"}],"replies":[{"embeddable":true,"href":"https:\/\/diarioregionaldigital.com.br\/index.php?rest_route=%2Fwp%2Fv2%2Fcomments&post=182749"}],"version-history":[{"count":1,"href":"https:\/\/diarioregionaldigital.com.br\/index.php?rest_route=\/wp\/v2\/posts\/182749\/revisions"}],"predecessor-version":[{"id":182751,"href":"https:\/\/diarioregionaldigital.com.br\/index.php?rest_route=\/wp\/v2\/posts\/182749\/revisions\/182751"}],"wp:featuredmedia":[{"embeddable":true,"href":"https:\/\/diarioregionaldigital.com.br\/index.php?rest_route=\/wp\/v2\/media\/182750"}],"wp:attachment":[{"href":"https:\/\/diarioregionaldigital.com.br\/index.php?rest_route=%2Fwp%2Fv2%2Fmedia&parent=182749"}],"wp:term":[{"taxonomy":"category","embeddable":true,"href":"https:\/\/diarioregionaldigital.com.br\/index.php?rest_route=%2Fwp%2Fv2%2Fcategories&post=182749"},{"taxonomy":"post_tag","embeddable":true,"href":"https:\/\/diarioregionaldigital.com.br\/index.php?rest_route=%2Fwp%2Fv2%2Ftags&post=182749"}],"curies":[{"name":"wp","href":"https:\/\/api.w.org\/{rel}","templated":true}]}}