{"id":182746,"date":"2021-05-20T18:58:19","date_gmt":"2021-05-20T21:58:19","guid":{"rendered":"https:\/\/diarioregionaldigital.com.br\/?p=182746"},"modified":"2021-05-20T18:58:19","modified_gmt":"2021-05-20T21:58:19","slug":"veja-como-fica-o-calendario-de-vacinacao-contra-covid-19-e-influenza-nesta-sexta-21","status":"publish","type":"post","link":"https:\/\/diarioregionaldigital.com.br\/?p=182746","title":{"rendered":"Veja como fica o calend\u00e1rio de vacina\u00e7\u00e3o contra Covid-19 e Influenza nesta sexta, 21"},"content":{"rendered":"<p>A Secretaria de Sa\u00fade (SS) da Prefeitura de Juiz de Fora (PJF) come\u00e7a a ofertar vacinas contra a Covid-19 para pessoas com comorbidade e com defici\u00eancia permanente entre 42 e 41 anos, nesta sexta-feira, 21. Profissionais da seguran\u00e7a voltam a ser imunizados contra a Covid-19 e a vacina\u00e7\u00e3o contra a Influenza volta a acontecer nas UBSs, tamb\u00e9m nesta sexta. O calend\u00e1rio segue o mesmo dos outros dias da semana para os demais grupos.<\/p>\n<p>Nesta sexta-feira, 21, pessoas com comorbidade e as com defici\u00eancia permanente de 42 e 41 anos recebem a primeira dose do imunizante contra a Covid-19, no Sport Club JF, das 9h \u00e0s 16h, e nas UBSs, das 8h \u00e0s 11h. No Sport tamb\u00e9m s\u00e3o vacinadas pessoas com S\u00edndrome de Down e autistas, al\u00e9m de gr\u00e1vidas e pu\u00e9rperas com comorbidades. Motoristas e cobradores do transporte coletivo que n\u00e3o receberam a primeira dose da vacina ao longo da semana, ter\u00e3o mais uma chance nesta sexta, de 9h \u00e0s 16h, no RU (Centro) da UFJF. No mesmo hor\u00e1rio e local, profissionais da seguran\u00e7a tamb\u00e9m ser\u00e3o vacinados.<\/p>\n<p>At\u00e9 quarta-feira, dia 19, 153 mil pessoas j\u00e1 haviam recebido ao menos a primeira dose de vacina contra a Covid-19 na cidade, o que representa 34% da popula\u00e7\u00e3o juiz-forana que podem ser imunizada, que, no momento, s\u00e3o pessoas com 18 anos ou mais, j\u00e1 que ainda n\u00e3o h\u00e1 estudos suficientes sobre os efeitos dos imunizantes em crian\u00e7as e adolescentes. O n\u00famero \u00e9 consideravelmente superior \u00e0 m\u00e9dia nacional, que \u00e9 de 18%, e tamb\u00e9m est\u00e1 acima da m\u00e9dia de Minas. A partir de segunda-feira, pessoas com comorbidade com 18 anos ou mais ser\u00e3o vacinadas.<\/p>\n<p><b>Vacina\u00e7\u00e3o Influenza<\/b><\/p>\n<p>Professores da rede p\u00fablica e privada na ativa podem ser vacinados nas Unidades B\u00e1sicas de Sa\u00fade (UBSs), enquanto os idosos com 60 anos ou mais, al\u00e9m das UBSs, podem receber a dose dos imunizantes no Departamento de Sa\u00fade do Idodo. Para as crian\u00e7as de 6 meses a 6 anos incompletos, gr\u00e1vidas e pu\u00e9rperas, a vacina\u00e7\u00e3o ocorre no Departamento de Sa\u00fade da Mulher da Crian\u00e7a e Adolescente (DSMCA).<\/p>\n<p>A documenta\u00e7\u00e3o necess\u00e1ria para a imuniza\u00e7\u00e3o dos grupos priorit\u00e1rios, tanto daqueles que v\u00e3o receber a vacina contra Covid-19 quanto para os que ser\u00e3o vacinados contra Influenza, est\u00e1 dispon\u00edvel tamb\u00e9m est\u00e1 dispon\u00edvel no site da PJF.<\/p>\n<p><b>Fique atento<\/b><\/p>\n<p>Quem se vacinou contra a gripe e tem direito de se vacinar tamb\u00e9m contra a Covid-19, ou vice-versa, deve esperar pelo menos 14 dias entre o momento que recebeu a dose de um imunizante para poder ser vacinado com o outro.<\/p>\n<p>Para quem foi diagnosticado com Covid-19, \u00e9 recomendado ao menos 30 dias de espera entre o come\u00e7o dos sintomas ou teste positivo (no caso dos assintom\u00e1ticos) para receber as vacinas. No caso da Coronavac, a pessoa deve esperar a imuniza\u00e7\u00e3o completa, tomando as duas doses. No caso da Astrazeneca, em que o per\u00edodo entre a primeira e segunda dose \u00e9 de aproximadamente 84 dias, a vacina contra a gripe pode ser aplicada 14 dias ap\u00f3s a primeira dose.<\/p>\n<p><b>Pr\u00e9-cadastros<\/b><\/p>\n<p>O pr\u00e9-cadastramento deve ser feito exclusivamente no site da Prefeitura. Est\u00e3o abertos os\u00a0<a href=\"https:\/\/covid19.pjf.mg.gov.br\/vacinacao_comorbidades.php\"><b>pr\u00e9-cadastros para as pessoas com comorbidades\u00a0<\/b><\/a>com 18 anos ou mais,\u00a0<a href=\"https:\/\/covid19.pjf.mg.gov.br\/vacinacao_trabalhadores_da_educacao.php\"><b>trabalhadores da educa\u00e7\u00e3o ativos<\/b><\/a>\u00a0e\u00a0<a href=\"https:\/\/covid19.pjf.mg.gov.br\/vacinacao_profissionais_da_saude.php\"><b>trabalhadores da sa\u00fade ativos\u00a0<\/b><\/a>. Vale ressaltar que o pr\u00e9-cadastro n\u00e3o \u00e9 um sistema de agendamento, mas visa uma melhor organiza\u00e7\u00e3o para evitar aglomera\u00e7\u00f5es quando chegar a vez destes p\u00fablicos serem imunizados. A execu\u00e7\u00e3o da vacina\u00e7\u00e3o por parte da Secretaria de Sa\u00fade acontecer\u00e1 de acordo com a disponibiliza\u00e7\u00e3o das doses vindas dos governos Estadual e Federal, sempre seguindo os protocolos do Plano Nacional de Imuniza\u00e7\u00e3o (PNI). Os crit\u00e9rios para imuniza\u00e7\u00e3o, assim como os locais, dias e hor\u00e1rios para atendimento destes grupos, ainda n\u00e3o foram decididos e ser\u00e3o divulgados assim que houver a defini\u00e7\u00e3o.<\/p>\n<p><b>Confira o calend\u00e1rio de vacina\u00e7\u00e3o contra a Covid nesta quarta-feira, 20<\/b><\/p>\n<p>*Gr\u00e1vidas e Pu\u00e9rperas com comorbidades<br \/>\nPrimeira dose de Coronavac no Sport Club Juiz de Fora, das 8h \u00e0s 16h.<\/p>\n<p>*Motoristas e cobradores do transporte coletivo urbano<br \/>\nS\u00e3o vacinados no RU Centro da UFJF, entre as 9h e 16<\/p>\n<p>*Profissionais da seguran\u00e7a<br \/>\nS\u00e3o vacinados no RU Centro da UFJF, entre as 9h e 16<\/p>\n<p>*Pessoas com comorbidades e defici\u00eancia permanente de 42 e 41 anos<br \/>\nPrimeira dose do imunizante no Sport Club Juiz de Fora, das 8h \u00e0s 16h, e em 46 UBSs, das 8h \u00e0s 11h.<\/p>\n<p>*Pessoas com S\u00edndrome de Down e autistas<br \/>\nPrimeira e segunda doses aplicadas no Sport Club Juiz de Fora, das 8h \u00e0s 16h<\/p>\n<p><b>Vacina\u00e7\u00e3o Influenza nesta sexta-feira, 21:<\/b><\/p>\n<p>*Idosos com 60 anos ou mais<br \/>\nDepartamento de Sa\u00fade do Idoso, das 9h \u00e0s 16h, e UBSs, de 13h \u00e0s 16.<\/p>\n<p>*Crian\u00e7as de 6 meses a 6 anos, gr\u00e1vidas e pu\u00e9rperas<br \/>\nDepartamento de Sa\u00fade da Mulher da Crian\u00e7a e Adolescente (DSMCA), de 8h \u00e0s 14h, e em UBSs, de 13h \u00e0s 16h<\/p>\n<p>*Gr\u00e1vidas e Pu\u00e9rperas<br \/>\nDepartamento de Sa\u00fade da Mulher da Crian\u00e7a e Adolescente (DSMCA), de 8 \u00e0s 14, e em UBSs de 13 \u00e0s 16.<\/p>\n<p><b>Confira os endere\u00e7os dos locais de imuniza\u00e7\u00e3o:<\/b><\/p>\n<p>Sport Club Juiz de Fora<br \/>\nAvenida Bar\u00e3o do Rio Branco, 1.303, centro<\/p>\n<p>Departamento de Sa\u00fade do Idoso<br \/>\nRua Batista de Oliveira, 943, Granbery<\/p>\n<p>Restaurante Universit\u00e1rio (RU) da UFJF<br \/>\nRua Santo Ant\u00f4nio, esquina com a Rua Benjamin Constant, s\/n, ao lado do Museu de Arte Murilo (Mamm), no centro.<\/p>\n<p>Endere\u00e7o das UBSs<br \/>\n1. UBS Alto Graja\u00fa, Rua Doutor Leonel Jaguaribe, 178;<br \/>\n2. UBS Bairro Industrial, Rua Jo\u00e3o Gualberto,110;<br \/>\n3. UBS Barreira do Triunfo, Avenida Juscelino Kubitscheck, s\/n\u00ba;<br \/>\n4. UBS Benfica, Rua Guararapes, 106;<br \/>\n5. UBS Borboleta, Rua Tenente Paulo Maria Delage, 229;<br \/>\n6. UBS Centro Sul, Avenida Rio Branco, 3132;<br \/>\n7. UBS Cidade do Sol, Rua Gustavo Capanema, 70;<br \/>\n8. UBS Dom Bosco, Rua Jo\u00e3o Manata, 93;<br \/>\n9. UBS Esplanada, Rua Bias Fortes, 74;<br \/>\n10.UBS Filgueiras, Rua Orlando Riani, 2.200;<br \/>\n11.UBS Furtado de Menezes, Rua Furtado de Menezes, 19 \u00c0;<br \/>\n12.UBS Grama, Pra\u00e7a \u00c1ureo Carneiro s\/n;<br \/>\n13.UBS Granjas Beth\u00e2nia, Rua Nove de Julho, 294;<br \/>\n14.UBS Ipiranga, Rua Etiene Loures, 85;<br \/>\n15.UBS Jardim da Lua, Rua Natalino Jos\u00e9 de Paula, 314;<br \/>\n16.UBS Jardim Esperan\u00e7a, Rua Padre Jo\u00e3o Micheleto, 35;<br \/>\n17.UBS Jardim Natal, Rua Tenente Lucas Drumond, 370;<br \/>\n18.UBS Joquei Clube I, Rua Antonio Armando Pereira, 140;<br \/>\n19.UBS Joquei Clube II, Rua Antonio Guimar\u00e3es Peralva, 130;<br \/>\n20.UBS Linhares, Rua Ministro Odilon Braga, s\/n\u00ba;<br \/>\n21.UBS Marumbi, Rua Bar\u00e3o do Retiro, 1.462;<br \/>\n22.UBS Milho Branco, Rua Nicolau Schuery, s\/n\u00ba;<br \/>\n23.UBS Monte Castelo, Rua Doutor Oswaldo Mascarenhas, s\/n\u00ba;<br \/>\n24.UBS Nossa Senhora Aparecida, Rua Nossa Senhora Aparecida, 775;<br \/>\n25.UBS Nossa Senhora das Gra\u00e7as, Rua Queluz, 72;<br \/>\n26.UBS Nossa Senhora de Lourdes, Rua In\u00e1cio Gama, 813;<br \/>\n27.UBS Nova Era, Rua Guimar\u00e3es Junior, 850;<br \/>\n28.UBS Parque Guarani, Rua Sofia Rafael Zacarias, 685;<br \/>\n29.UBS Progresso, Rua Jorge Knopp, 119;<br \/>\n30.UBS Retiro Rua, Sebasti\u00e3o Cardoso, 41;<br \/>\n31.UBS Santa Cec\u00edlia, Rua Gabriel Rodrigues, 900;<br \/>\n32.UBS Santa Cruz, Rua Doutor Antonio Mour\u00e3o Guimar\u00e3es, 245;<br \/>\n33.UBS Santa Efig\u00eania, Rua Jos\u00e9 Ferreira, 13;<br \/>\n34.UBS Santa Luzia, Rua Torre\u00f5es, s\/n\u00ba;<br \/>\n35.UBS Santa Rita, Rua Jos\u00e9 Vicente, 390;<br \/>\n36.UBS Santo Ant\u00f4nio, Rua Pedro Trogo, 285;<br \/>\n37.UBS Santos Dumont, Rua Alvaro Jos\u00e9 Rodrigues, 25;<br \/>\n38.UBS S\u00e3o Judas Tadeu, Rua Ernesto Pancini, 446;<br \/>\n39.UBS S\u00e3o Pedro, Rua Jo\u00e1o Louren\u00e7o Kelmer, 1433;<br \/>\n40.UBS S\u00e3o Sebasti\u00e3o, Rua Jorge Raimundo, 209;<br \/>\n41.UBS Teixeiras, Rua Cust\u00f3dio Furtado de Souza, 131;<br \/>\n42.UBS Vale dos Bandeirantes Rua Laurindo Nocelli, 100;<br \/>\n43.UBS Vale Verde, Rua Marciano Pinto, 685;<br \/>\n44.UBS Vila Esperan\u00e7a, Rua Nova, 30;<br \/>\n45.UBS Vila Ideal, Avenida Francisco Valadares, 1910;<br \/>\n46.UBS Vila Olavo Costa, Rua Jacinto Marcelino, 16<\/p>\n<p>Fonte: Assessoria<\/p>\n","protected":false},"excerpt":{"rendered":"<p>A Secretaria de Sa\u00fade (SS) da Prefeitura de Juiz de Fora (PJF) come\u00e7a a ofertar vacinas contra a Covid-19 para pessoas com comorbidade e com defici\u00eancia permanente entre 42 e 41 anos, nesta sexta-feira, 21. Profissionais da seguran\u00e7a voltam a ser imunizados contra a Covid-19 e a vacina\u00e7\u00e3o contra a Influenza volta a acontecer nas [&hellip;]<\/p>\n","protected":false},"author":246,"featured_media":182747,"comment_status":"closed","ping_status":"closed","sticky":false,"template":"","format":"standard","meta":{"footnotes":""},"categories":[253,440,439],"tags":[],"class_list":["post-182746","post","type-post","status-publish","format-standard","has-post-thumbnail","hentry","category-cidade","category-destaques-do-dia","category-ultima-hora"],"_links":{"self":[{"href":"https:\/\/diarioregionaldigital.com.br\/index.php?rest_route=\/wp\/v2\/posts\/182746","targetHints":{"allow":["GET"]}}],"collection":[{"href":"https:\/\/diarioregionaldigital.com.br\/index.php?rest_route=\/wp\/v2\/posts"}],"about":[{"href":"https:\/\/diarioregionaldigital.com.br\/index.php?rest_route=\/wp\/v2\/types\/post"}],"author":[{"embeddable":true,"href":"https:\/\/diarioregionaldigital.com.br\/index.php?rest_route=\/wp\/v2\/users\/246"}],"replies":[{"embeddable":true,"href":"https:\/\/diarioregionaldigital.com.br\/index.php?rest_route=%2Fwp%2Fv2%2Fcomments&post=182746"}],"version-history":[{"count":1,"href":"https:\/\/diarioregionaldigital.com.br\/index.php?rest_route=\/wp\/v2\/posts\/182746\/revisions"}],"predecessor-version":[{"id":182748,"href":"https:\/\/diarioregionaldigital.com.br\/index.php?rest_route=\/wp\/v2\/posts\/182746\/revisions\/182748"}],"wp:featuredmedia":[{"embeddable":true,"href":"https:\/\/diarioregionaldigital.com.br\/index.php?rest_route=\/wp\/v2\/media\/182747"}],"wp:attachment":[{"href":"https:\/\/diarioregionaldigital.com.br\/index.php?rest_route=%2Fwp%2Fv2%2Fmedia&parent=182746"}],"wp:term":[{"taxonomy":"category","embeddable":true,"href":"https:\/\/diarioregionaldigital.com.br\/index.php?rest_route=%2Fwp%2Fv2%2Fcategories&post=182746"},{"taxonomy":"post_tag","embeddable":true,"href":"https:\/\/diarioregionaldigital.com.br\/index.php?rest_route=%2Fwp%2Fv2%2Ftags&post=182746"}],"curies":[{"name":"wp","href":"https:\/\/api.w.org\/{rel}","templated":true}]}}