{"id":182743,"date":"2021-05-20T18:52:14","date_gmt":"2021-05-20T21:52:14","guid":{"rendered":"https:\/\/diarioregionaldigital.com.br\/?p=182743"},"modified":"2021-05-20T18:52:14","modified_gmt":"2021-05-20T21:52:14","slug":"canoagem-brasil-chega-a-final-na-russia-e-pode-garantir-vaga-olimpica","status":"publish","type":"post","link":"https:\/\/diarioregionaldigital.com.br\/?p=182743","title":{"rendered":"Canoagem: Brasil chega \u00e0 final na R\u00fassia e pode garantir vaga ol\u00edmpica"},"content":{"rendered":"<p>A baiana Valdenice Concei\u00e7\u00e3o ficou perto da vaga ol\u00edmpica nesta quinta-feira (20) ao se classificar para a final da canoagem velocidade (prova C1 200m) no Pr\u00e9-Ol\u00edmpico, que ocorre simultaneamente \u00e0 segunda etapa da Copa do Mundo da modalidade, em Barnaul (R\u00fassia). A cano\u00edsta disputar\u00e1 a final na madrugada desta sexta (21), \u00e0s 4h24 (hor\u00e1rio de Bras\u00edlia), com\u00a0<a href=\"https:\/\/www.youtube.com\/watch?v=wWu_2HveNVA\">transmiss\u00e3o ao vivo\u00a0<\/a>no canal da Federa\u00e7\u00e3o Internacional de Canoagem (ICF, sigla em ingl\u00eas), no Youtube. O evento \u00e9 o \u00faltimo da corrida ol\u00edmpica para T\u00f3quio 2020. Se vencer, a\u00a0baiana ser\u00e1 a\u00a0primeira\u00a0mulher a garantir vaga nos Jogos de T\u00f3quio (Jap\u00e3o) na canoagem de velocidade.<img decoding=\"async\" src=\"https:\/\/agenciabrasil.ebc.com.br\/ebc.png?id=1410263&amp;o=node\" \/><img decoding=\"async\" src=\"https:\/\/agenciabrasil.ebc.com.br\/ebc.gif?id=1410263&amp;o=node\" \/><\/p>\n<p>&#8220;Hoje n\u00e3o foi uma prova muito f\u00e1cil, sai bem e acabei me surpreendendo com o vento nos \u00faltimos 50 metros, gra\u00e7as a Deus n\u00e3o fui desclassificada e consegui passar para a semifinal direto, isso que foi o melhor e amanh\u00e3 vamos com tudo em busca da nossa vaga&#8221;, disse Valdenice em depoimento \u00e0 Confedera\u00e7\u00e3o Brasileira de Canoagem (CBC).<\/p>\n<p>Classificada para a final C1 200m no Pr\u00e9-Ol\u00edmpico, Valdenice Conceir\u00e3o tamb\u00e9m garantiu vaga \u00e0 semifinal da Copa do Mundo que come\u00e7a na madrugada desta sexta (21). Outra brasileira tamb\u00e9m brigar\u00e1 para garantir presen\u00e7a nos Jogos.\u00a0 \u00c9 a paranaense Ana Paula Vergutz, que disputar\u00e1 no kaique (K1 500m).\u00a0Ser\u00e1 a \u00faltima chance da cano\u00edsta para carimbar o passaporte rumo a T\u00f3quio. A atleta n\u00e3o foi bem na competi\u00e7\u00e3o de hoje (21). Nas duas provas que disputaou &#8211; K1 200m, e K1 500m &#8211; parou na semifinal.<\/p>\n<p>\u201cN\u00e3o foi desta vez, n\u00e3o conquistei a vaga, n\u00e3o foi um dia muito feliz pra mim, eu n\u00e3o consegui remar muito bem. Ainda temos a Copa do Mundo aqui na R\u00fassia, vou tentar buscar o meu melhor tempo para sair daqui com algo satisfat\u00f3rio, conto com a torcida de voc\u00eas\u201d, fala Vergutz.<\/p>\n<p>Confira\u00a0<a href=\"https:\/\/www.cob.org.br\/pt\/toquio-2020\/vagas-confirmadas\">AQUI<\/a>\u00a0as vagas j\u00e1 confirmadas do\u00a0Brasil\u00a0na Olimpiada de T\u00f3quio.<\/p>\n<p><strong>Programa\u00e7\u00e3o:<\/strong><\/p>\n<p><strong>C1 200 metros com Valdenice Concei\u00e7\u00e3o<\/strong><\/p>\n<p>21\/05 \u2013 04h24 \u2013 Final na busca da Cota Ol\u00edmpica (Pr\u00e9-Ol\u00edmpico)<\/p>\n<p>22\/05 \u2013 00h15 \u2013 Semifinal da Copa do Mundo<\/p>\n<p>22\/05 \u2013 02h49 \u2013 Final da Copa do Mundo<\/p>\n<p><strong>K1 500 metros com Ana Paula Vergutz<\/strong><\/p>\n<p>21\/05 \u2013 0h00 \u2013 Classificat\u00f3ria<\/p>\n<p>22\/05 \u2013 0h00 \u2013 In\u00edcio das semifinais<\/p>\n<p>23\/05 \u2013 02h41 \u2013 Final<\/p>\n<p><span style=\"font-weight: 400;\"><br \/>\n<\/span><span style=\"font-weight: 400;\">Fonte: Ag\u00eancia Minas<\/span><\/p>\n","protected":false},"excerpt":{"rendered":"<p>A baiana Valdenice Concei\u00e7\u00e3o ficou perto da vaga ol\u00edmpica nesta quinta-feira (20) ao se classificar para a final da canoagem velocidade (prova C1 200m) no Pr\u00e9-Ol\u00edmpico, que ocorre simultaneamente \u00e0 segunda etapa da Copa do Mundo da modalidade, em Barnaul (R\u00fassia). A cano\u00edsta disputar\u00e1 a final na madrugada desta sexta (21), \u00e0s 4h24 (hor\u00e1rio de [&hellip;]<\/p>\n","protected":false},"author":246,"featured_media":182744,"comment_status":"closed","ping_status":"closed","sticky":false,"template":"","format":"standard","meta":{"footnotes":""},"categories":[436,257,439],"tags":[],"class_list":["post-182743","post","type-post","status-publish","format-standard","has-post-thumbnail","hentry","category-destaque-da-semana","category-esporte","category-ultima-hora"],"_links":{"self":[{"href":"https:\/\/diarioregionaldigital.com.br\/index.php?rest_route=\/wp\/v2\/posts\/182743","targetHints":{"allow":["GET"]}}],"collection":[{"href":"https:\/\/diarioregionaldigital.com.br\/index.php?rest_route=\/wp\/v2\/posts"}],"about":[{"href":"https:\/\/diarioregionaldigital.com.br\/index.php?rest_route=\/wp\/v2\/types\/post"}],"author":[{"embeddable":true,"href":"https:\/\/diarioregionaldigital.com.br\/index.php?rest_route=\/wp\/v2\/users\/246"}],"replies":[{"embeddable":true,"href":"https:\/\/diarioregionaldigital.com.br\/index.php?rest_route=%2Fwp%2Fv2%2Fcomments&post=182743"}],"version-history":[{"count":1,"href":"https:\/\/diarioregionaldigital.com.br\/index.php?rest_route=\/wp\/v2\/posts\/182743\/revisions"}],"predecessor-version":[{"id":182745,"href":"https:\/\/diarioregionaldigital.com.br\/index.php?rest_route=\/wp\/v2\/posts\/182743\/revisions\/182745"}],"wp:featuredmedia":[{"embeddable":true,"href":"https:\/\/diarioregionaldigital.com.br\/index.php?rest_route=\/wp\/v2\/media\/182744"}],"wp:attachment":[{"href":"https:\/\/diarioregionaldigital.com.br\/index.php?rest_route=%2Fwp%2Fv2%2Fmedia&parent=182743"}],"wp:term":[{"taxonomy":"category","embeddable":true,"href":"https:\/\/diarioregionaldigital.com.br\/index.php?rest_route=%2Fwp%2Fv2%2Fcategories&post=182743"},{"taxonomy":"post_tag","embeddable":true,"href":"https:\/\/diarioregionaldigital.com.br\/index.php?rest_route=%2Fwp%2Fv2%2Ftags&post=182743"}],"curies":[{"name":"wp","href":"https:\/\/api.w.org\/{rel}","templated":true}]}}