{"id":182715,"date":"2021-05-21T00:54:16","date_gmt":"2021-05-21T03:54:16","guid":{"rendered":"https:\/\/diarioregionaldigital.com.br\/?p=182715"},"modified":"2021-05-21T23:43:44","modified_gmt":"2021-05-22T02:43:44","slug":"cotresa-s-a-20-05-2021","status":"publish","type":"post","link":"https:\/\/diarioregionaldigital.com.br\/?p=182715","title":{"rendered":"Cotresa S\/A &#8211; 23\/05\/2021"},"content":{"rendered":"<p style=\"text-align: center;\"><strong><u>COTRESA S\/A \u2013 CNPJ: 21.557.889\/0001-82<\/u><\/strong><\/p>\n<p style=\"text-align: center;\"><strong><u>AVISO AOS ACIONISTAS<\/u><\/strong><\/p>\n<p>Acham-se \u00e0 disposi\u00e7\u00e3o dos Senhores Acionistas, na Rua Marechal Floriano Peixoto, 521, Centro, Juiz de Fora \u2013 MG, CEP. 36015-440, de segunda \u00e0 sexta-feira, no hor\u00e1rio das 09H:00 at\u00e9 12H:00, os documentos a que se refere o art. 133, da Lei 6.404\/76, relativos ao exerc\u00edcio de 2020.<\/p>\n<p style=\"text-align: center;\"><strong><u>EDITAL DE 2\u00aa. CONVOCA\u00c7\u00c3O<\/u><\/strong><\/p>\n<p style=\"text-align: center;\"><strong><u>ASSEMBL\u00c9IA GERAL ORDIN\u00c1RIA<\/u><\/strong><\/p>\n<p>De conformidade com o Estatuto Social e, ainda, observados os dispositivos da Lei 6.404\/76, ficam os Senhores Acionistas da sociedade COTRESA S\/A convocados para participarem da Assembleia Geral Ordin\u00e1ria a ser realizada na Rua Marechal Floriano Peixoto, 521, Centro, Juiz de Fora \u2013 MG, CEP. 36015-440, \u00e0s 11h:00, do dia 24 de junho de 2021, para deliberarem sobre a seguinte ordem do dia:<\/p>\n<p>1\u00ba) Examinar, discutir e votar a Presta\u00e7\u00e3o de Contas, o Relat\u00f3rio da Diretoria e as Demonstra\u00e7\u00f5es Financeiras do Balan\u00e7o encerrado em 31.12.2020.<\/p>\n<p>2\u00ba) Deliberar sobre a destina\u00e7\u00e3o de lucros l\u00edquidos.<\/p>\n<p>3\u00ba) Assuntos gerais.<\/p>\n<p>Lembramos que, se o Munic\u00edpio adotar restri\u00e7\u00f5es de faixa sobre medidas de combate ao COVID-19, realizaremos a reuni\u00e3o de forma virtual atrav\u00e9s do link (meet.google.com\/spe-irya-rmj), no qual ser\u00e3o promovidos todos os atos necess\u00e1rios para legitimar a AGO.<\/p>\n<p style=\"text-align: center;\"><strong>Juiz de Fora, 20 de maio de 2021.<\/strong><\/p>\n<p style=\"text-align: center;\"><strong>Walter Abizaid J\u00fanior<\/strong><\/p>\n<p style=\"text-align: center;\"><strong>Diretor Superintendente<\/strong><\/p>\n","protected":false},"excerpt":{"rendered":"<p>COTRESA S\/A \u2013 CNPJ: 21.557.889\/0001-82 AVISO AOS ACIONISTAS Acham-se \u00e0 disposi\u00e7\u00e3o dos Senhores Acionistas, na Rua Marechal Floriano Peixoto, 521, Centro, Juiz de Fora \u2013 MG, CEP. 36015-440, de segunda \u00e0 sexta-feira, no hor\u00e1rio das 09H:00 at\u00e9 12H:00, os documentos a que se refere o art. 133, da Lei 6.404\/76, relativos ao exerc\u00edcio de 2020. [&hellip;]<\/p>\n","protected":false},"author":96,"featured_media":0,"comment_status":"closed","ping_status":"closed","sticky":false,"template":"","format":"standard","meta":{"footnotes":""},"categories":[307],"tags":[],"class_list":["post-182715","post","type-post","status-publish","format-standard","hentry","category-editais"],"_links":{"self":[{"href":"https:\/\/diarioregionaldigital.com.br\/index.php?rest_route=\/wp\/v2\/posts\/182715","targetHints":{"allow":["GET"]}}],"collection":[{"href":"https:\/\/diarioregionaldigital.com.br\/index.php?rest_route=\/wp\/v2\/posts"}],"about":[{"href":"https:\/\/diarioregionaldigital.com.br\/index.php?rest_route=\/wp\/v2\/types\/post"}],"author":[{"embeddable":true,"href":"https:\/\/diarioregionaldigital.com.br\/index.php?rest_route=\/wp\/v2\/users\/96"}],"replies":[{"embeddable":true,"href":"https:\/\/diarioregionaldigital.com.br\/index.php?rest_route=%2Fwp%2Fv2%2Fcomments&post=182715"}],"version-history":[{"count":3,"href":"https:\/\/diarioregionaldigital.com.br\/index.php?rest_route=\/wp\/v2\/posts\/182715\/revisions"}],"predecessor-version":[{"id":182858,"href":"https:\/\/diarioregionaldigital.com.br\/index.php?rest_route=\/wp\/v2\/posts\/182715\/revisions\/182858"}],"wp:attachment":[{"href":"https:\/\/diarioregionaldigital.com.br\/index.php?rest_route=%2Fwp%2Fv2%2Fmedia&parent=182715"}],"wp:term":[{"taxonomy":"category","embeddable":true,"href":"https:\/\/diarioregionaldigital.com.br\/index.php?rest_route=%2Fwp%2Fv2%2Fcategories&post=182715"},{"taxonomy":"post_tag","embeddable":true,"href":"https:\/\/diarioregionaldigital.com.br\/index.php?rest_route=%2Fwp%2Fv2%2Ftags&post=182715"}],"curies":[{"name":"wp","href":"https:\/\/api.w.org\/{rel}","templated":true}]}}