{"id":182695,"date":"2021-05-19T21:07:23","date_gmt":"2021-05-20T00:07:23","guid":{"rendered":"https:\/\/diarioregionaldigital.com.br\/?p=182695"},"modified":"2021-05-19T21:07:23","modified_gmt":"2021-05-20T00:07:23","slug":"policia-militar-atende-vitima-de-roubo-no-bairro-previdenciarios","status":"publish","type":"post","link":"https:\/\/diarioregionaldigital.com.br\/?p=182695","title":{"rendered":"Pol\u00edcia Militar atende v\u00edtima de roubo no bairro Previdenci\u00e1rios"},"content":{"rendered":"<p>Na noite de ter\u00e7a-feira, 18Mai21 por volta das 20h29min, a Pol\u00edcia Militar foi acionada via COPOM a comparecer na Rua Hor\u00e1cio Alberto de Assis no bairro Previdenci\u00e1rios, para atendimento a um homem de 18 anos v\u00edtima de roubo. Segundo relato, quando passava a p\u00e9 nas imedia\u00e7\u00f5es de um pasto foi abordado por dois suspeitos, um deles armado com uma faca tipo de a\u00e7ougueiro e o outro com um peda\u00e7o de pau, anunciaram o assalto e subtra\u00edram o rel\u00f3gio de pulso, uma mochila e um bon\u00e9, tendo ainda agredido a v\u00edtima com socos na regi\u00e3o do abd\u00f4men. Os autores retornaram, percebendo que a v\u00edtima estava atordoada, jogaram ao ch\u00e3o a mochila com os documentos pessoais e posteriormente fugiram com o bon\u00e9, o rel\u00f3gio e um perfume. A Pol\u00edcia Militar iniciou rastreamento mas at\u00e9 o momento n\u00e3o localizou os autores.<\/p>\n","protected":false},"excerpt":{"rendered":"<p>Na noite de ter\u00e7a-feira, 18Mai21 por volta das 20h29min, a Pol\u00edcia Militar foi acionada via COPOM a comparecer na Rua Hor\u00e1cio Alberto de Assis no bairro Previdenci\u00e1rios, para atendimento a um homem de 18 anos v\u00edtima de roubo. Segundo relato, quando passava a p\u00e9 nas imedia\u00e7\u00f5es de um pasto foi abordado por dois suspeitos, um [&hellip;]<\/p>\n","protected":false},"author":246,"featured_media":182696,"comment_status":"closed","ping_status":"closed","sticky":false,"template":"","format":"standard","meta":{"footnotes":""},"categories":[301,1229],"tags":[],"class_list":["post-182695","post","type-post","status-publish","format-standard","has-post-thumbnail","hentry","category-artigos-policiais","category-policial"],"_links":{"self":[{"href":"https:\/\/diarioregionaldigital.com.br\/index.php?rest_route=\/wp\/v2\/posts\/182695","targetHints":{"allow":["GET"]}}],"collection":[{"href":"https:\/\/diarioregionaldigital.com.br\/index.php?rest_route=\/wp\/v2\/posts"}],"about":[{"href":"https:\/\/diarioregionaldigital.com.br\/index.php?rest_route=\/wp\/v2\/types\/post"}],"author":[{"embeddable":true,"href":"https:\/\/diarioregionaldigital.com.br\/index.php?rest_route=\/wp\/v2\/users\/246"}],"replies":[{"embeddable":true,"href":"https:\/\/diarioregionaldigital.com.br\/index.php?rest_route=%2Fwp%2Fv2%2Fcomments&post=182695"}],"version-history":[{"count":1,"href":"https:\/\/diarioregionaldigital.com.br\/index.php?rest_route=\/wp\/v2\/posts\/182695\/revisions"}],"predecessor-version":[{"id":182697,"href":"https:\/\/diarioregionaldigital.com.br\/index.php?rest_route=\/wp\/v2\/posts\/182695\/revisions\/182697"}],"wp:featuredmedia":[{"embeddable":true,"href":"https:\/\/diarioregionaldigital.com.br\/index.php?rest_route=\/wp\/v2\/media\/182696"}],"wp:attachment":[{"href":"https:\/\/diarioregionaldigital.com.br\/index.php?rest_route=%2Fwp%2Fv2%2Fmedia&parent=182695"}],"wp:term":[{"taxonomy":"category","embeddable":true,"href":"https:\/\/diarioregionaldigital.com.br\/index.php?rest_route=%2Fwp%2Fv2%2Fcategories&post=182695"},{"taxonomy":"post_tag","embeddable":true,"href":"https:\/\/diarioregionaldigital.com.br\/index.php?rest_route=%2Fwp%2Fv2%2Ftags&post=182695"}],"curies":[{"name":"wp","href":"https:\/\/api.w.org\/{rel}","templated":true}]}}