{"id":182692,"date":"2021-05-19T21:04:27","date_gmt":"2021-05-20T00:04:27","guid":{"rendered":"https:\/\/diarioregionaldigital.com.br\/?p=182692"},"modified":"2021-05-19T21:04:27","modified_gmt":"2021-05-20T00:04:27","slug":"policia-militar-atende-mulher-vitima-de-tentativa-de-roubo-no-bairro-sao-damiao","status":"publish","type":"post","link":"https:\/\/diarioregionaldigital.com.br\/?p=182692","title":{"rendered":"Pol\u00edcia Militar atende mulher v\u00edtima de tentativa de roubo no bairro S\u00e3o Dami\u00e3o"},"content":{"rendered":"<p>Na data de ter\u00e7a-feira, 18Mai21 por volta das 20h03min, compareceu a Sede da Pol\u00edcia Militar uma mulher de 37 anos v\u00edtima de tentativa de roubo na Rua 14 no bairro S\u00e3o Dami\u00e3o. Segundo a assessoria, a v\u00edtima estava no ponto final do \u00f4nibus linha 722 \/ Santa Cruz, quando dois indiv\u00edduos que estavam em uma motocicleta, estando um deles armado com um rev\u00f3lver, abordaram a v\u00edtima e anunciaram o assalto. Neste momento a v\u00edtima saiu correndo gritando por socorro e conseguiu embarcar em um \u00f4nibus coletivo, se dirigindo ap\u00f3s ao Posto da Pol\u00edcia Militar. De posse das caracter\u00edsticas, iniciou- se o rastreamento dos autores que ap\u00f3s a tentativa frustrada da a\u00e7\u00e3o criminosa, fugindo tomando rumo ignorado.<\/p>\n","protected":false},"excerpt":{"rendered":"<p>Na data de ter\u00e7a-feira, 18Mai21 por volta das 20h03min, compareceu a Sede da Pol\u00edcia Militar uma mulher de 37 anos v\u00edtima de tentativa de roubo na Rua 14 no bairro S\u00e3o Dami\u00e3o. Segundo a assessoria, a v\u00edtima estava no ponto final do \u00f4nibus linha 722 \/ Santa Cruz, quando dois indiv\u00edduos que estavam em uma [&hellip;]<\/p>\n","protected":false},"author":246,"featured_media":182693,"comment_status":"closed","ping_status":"closed","sticky":false,"template":"","format":"standard","meta":{"footnotes":""},"categories":[301,1229,439],"tags":[],"class_list":["post-182692","post","type-post","status-publish","format-standard","has-post-thumbnail","hentry","category-artigos-policiais","category-policial","category-ultima-hora"],"_links":{"self":[{"href":"https:\/\/diarioregionaldigital.com.br\/index.php?rest_route=\/wp\/v2\/posts\/182692","targetHints":{"allow":["GET"]}}],"collection":[{"href":"https:\/\/diarioregionaldigital.com.br\/index.php?rest_route=\/wp\/v2\/posts"}],"about":[{"href":"https:\/\/diarioregionaldigital.com.br\/index.php?rest_route=\/wp\/v2\/types\/post"}],"author":[{"embeddable":true,"href":"https:\/\/diarioregionaldigital.com.br\/index.php?rest_route=\/wp\/v2\/users\/246"}],"replies":[{"embeddable":true,"href":"https:\/\/diarioregionaldigital.com.br\/index.php?rest_route=%2Fwp%2Fv2%2Fcomments&post=182692"}],"version-history":[{"count":1,"href":"https:\/\/diarioregionaldigital.com.br\/index.php?rest_route=\/wp\/v2\/posts\/182692\/revisions"}],"predecessor-version":[{"id":182694,"href":"https:\/\/diarioregionaldigital.com.br\/index.php?rest_route=\/wp\/v2\/posts\/182692\/revisions\/182694"}],"wp:featuredmedia":[{"embeddable":true,"href":"https:\/\/diarioregionaldigital.com.br\/index.php?rest_route=\/wp\/v2\/media\/182693"}],"wp:attachment":[{"href":"https:\/\/diarioregionaldigital.com.br\/index.php?rest_route=%2Fwp%2Fv2%2Fmedia&parent=182692"}],"wp:term":[{"taxonomy":"category","embeddable":true,"href":"https:\/\/diarioregionaldigital.com.br\/index.php?rest_route=%2Fwp%2Fv2%2Fcategories&post=182692"},{"taxonomy":"post_tag","embeddable":true,"href":"https:\/\/diarioregionaldigital.com.br\/index.php?rest_route=%2Fwp%2Fv2%2Ftags&post=182692"}],"curies":[{"name":"wp","href":"https:\/\/api.w.org\/{rel}","templated":true}]}}