{"id":182689,"date":"2021-05-19T20:58:46","date_gmt":"2021-05-19T23:58:46","guid":{"rendered":"https:\/\/diarioregionaldigital.com.br\/?p=182689"},"modified":"2021-05-19T20:58:46","modified_gmt":"2021-05-19T23:58:46","slug":"estado-registra-373-novos-obitos-por-covid-19-nas-ultimas-24-horas-2","status":"publish","type":"post","link":"https:\/\/diarioregionaldigital.com.br\/?p=182689","title":{"rendered":"Estado registra 373 novos \u00f3bitos por Covid-19 nas \u00faltimas 24 horas"},"content":{"rendered":"<p>A Secretaria de Estado da Sa\u00fade de Minas Gerais (SES-MG), publicou nesta quarta-feira (19), <a href=\"https:\/\/coronavirus.saude.mg.gov.br\/images\/1_2021\/05-maio\/19.05.21COVID-19_-_BOLETIM20210519.pdf\">o novo boletim<\/a> referente ao Coronav\u00edrus. O levantamento aponta que o estado notificou mais 10.399 novos casos da doen\u00e7a, totalizando 1.483.200 pessoas infectadas. Os dados indicam que foram registradas mais 310 mortes, contabilizando 37.927 \u00f3bitos.<\/p>\n<p>Al\u00e9m disso, 1.368.401 pacientes est\u00e3o recuperados da doen\u00e7a, representando 92,2 % dos casos. Quanto aos dados de hospitaliza\u00e7\u00e3o, 129.087 estiveram internados e 1.354.113\u00a0 j\u00e1 fizeram isolamento domiciliar. At\u00e9 o momento, 4.272.478 pessoas receberam a primeira dose da vacina e 2.100.072 a segunda.<\/p>\n","protected":false},"excerpt":{"rendered":"<p>A Secretaria de Estado da Sa\u00fade de Minas Gerais (SES-MG), publicou nesta quarta-feira (19), o novo boletim referente ao Coronav\u00edrus. O levantamento aponta que o estado notificou mais 10.399 novos casos da doen\u00e7a, totalizando 1.483.200 pessoas infectadas. Os dados indicam que foram registradas mais 310 mortes, contabilizando 37.927 \u00f3bitos. Al\u00e9m disso, 1.368.401 pacientes est\u00e3o recuperados [&hellip;]<\/p>\n","protected":false},"author":246,"featured_media":182690,"comment_status":"closed","ping_status":"closed","sticky":false,"template":"","format":"standard","meta":{"footnotes":""},"categories":[252,439],"tags":[],"class_list":["post-182689","post","type-post","status-publish","format-standard","has-post-thumbnail","hentry","category-regiao","category-ultima-hora"],"_links":{"self":[{"href":"https:\/\/diarioregionaldigital.com.br\/index.php?rest_route=\/wp\/v2\/posts\/182689","targetHints":{"allow":["GET"]}}],"collection":[{"href":"https:\/\/diarioregionaldigital.com.br\/index.php?rest_route=\/wp\/v2\/posts"}],"about":[{"href":"https:\/\/diarioregionaldigital.com.br\/index.php?rest_route=\/wp\/v2\/types\/post"}],"author":[{"embeddable":true,"href":"https:\/\/diarioregionaldigital.com.br\/index.php?rest_route=\/wp\/v2\/users\/246"}],"replies":[{"embeddable":true,"href":"https:\/\/diarioregionaldigital.com.br\/index.php?rest_route=%2Fwp%2Fv2%2Fcomments&post=182689"}],"version-history":[{"count":1,"href":"https:\/\/diarioregionaldigital.com.br\/index.php?rest_route=\/wp\/v2\/posts\/182689\/revisions"}],"predecessor-version":[{"id":182691,"href":"https:\/\/diarioregionaldigital.com.br\/index.php?rest_route=\/wp\/v2\/posts\/182689\/revisions\/182691"}],"wp:featuredmedia":[{"embeddable":true,"href":"https:\/\/diarioregionaldigital.com.br\/index.php?rest_route=\/wp\/v2\/media\/182690"}],"wp:attachment":[{"href":"https:\/\/diarioregionaldigital.com.br\/index.php?rest_route=%2Fwp%2Fv2%2Fmedia&parent=182689"}],"wp:term":[{"taxonomy":"category","embeddable":true,"href":"https:\/\/diarioregionaldigital.com.br\/index.php?rest_route=%2Fwp%2Fv2%2Fcategories&post=182689"},{"taxonomy":"post_tag","embeddable":true,"href":"https:\/\/diarioregionaldigital.com.br\/index.php?rest_route=%2Fwp%2Fv2%2Ftags&post=182689"}],"curies":[{"name":"wp","href":"https:\/\/api.w.org\/{rel}","templated":true}]}}