{"id":182677,"date":"2021-05-19T20:36:55","date_gmt":"2021-05-19T23:36:55","guid":{"rendered":"https:\/\/diarioregionaldigital.com.br\/?p=182677"},"modified":"2021-05-19T20:37:46","modified_gmt":"2021-05-19T23:37:46","slug":"servicos-de-patrolamento-sao-realizados-pela-pjf-em-estradas-da-zona-rural","status":"publish","type":"post","link":"https:\/\/diarioregionaldigital.com.br\/?p=182677","title":{"rendered":"Servi\u00e7os de patrolamento s\u00e3o realizados pela PJF em estradas da zona rural"},"content":{"rendered":"<p>Nesta quarta-feira, dia 19, a equipe realiza servi\u00e7os de patrolamento, limpeza de valas para o escoamento de \u00e1guas pluviais, limpeza de bueiros e coloca\u00e7\u00e3o de esc\u00f3ria em pontos cr\u00edticos. Segundo informa\u00e7oes do site da Prefeitura de Juiz de Fora, esas a\u00e7\u00f5es s\u00e3o realizadas nas localidades Estrada do 29, que abrange a regi\u00e3o de Monte Verde, Torre\u00f5es e Mascate; Estrada do Salvaterra e na Serra da Saudade. A Secretaria de Obras (SO) da Prefeitura de Juiz de Fora (PJF) est\u00e1 atuando nas estradas vicinais do munic\u00edpio.<\/p>\n<p>Confira abaixo a programa\u00e7\u00e3o de a\u00e7\u00f5es previstas para esta quarta-feira, dia 19<\/p>\n<p>-Substitui\u00e7\u00e3o de grades de ferro por grades de concreto em canaletas pluviais &#8211; Av. Get\u00falio Vargas<\/p>\n<p>-Limpeza de boca-de-lobo &#8211; Rua Rog\u00e9rio Fernando Scoralick<\/p>\n<p>-Coloca\u00e7\u00e3o de meio fio &#8211; Rua Agulhas Negras<\/p>\n<p>-Constru\u00e7\u00e3o de muro de arrimo &#8211; Rua Ben\u00edcio de Souza Rocha<\/p>\n<p>-Limpeza do c\u00f3rrego de Santa Cruz<\/p>\n<p>-Constru\u00e7\u00e3o de caixa d\u00e1gua pluvial &#8211; Rua Wagner Giancoli<\/p>\n<p>-Constru\u00e7\u00e3o de rede de drenagem no prolongamento da rua &#8211; Rua Paulo Moreira Guedes<\/p>\n<p>-Constru\u00e7\u00e3o de bueiro duplo de metro &#8211; Entrada para Vila Teodoro<\/p>\n<p>-Recupera\u00e7\u00e3o de passeio &#8211; Rua Dr. Milton Ladeira<\/p>\n<p>-Corre\u00e7\u00e3o de eros\u00e3o &#8211; Rua Almiro Ribeiro Toledo<\/p>\n<p>-Reforma da Casa da Mulher &#8211; Avenida Garibaldi Campinhos<\/p>\n<p>-Coloca\u00e7\u00e3o de tamp\u00e3o em PV sobre galeria de \u00e1gua pluvial &#8211; Avenida Francisco Bernardino<\/p>\n","protected":false},"excerpt":{"rendered":"<p>Nesta quarta-feira, dia 19, a equipe realiza servi\u00e7os de patrolamento, limpeza de valas para o escoamento de \u00e1guas pluviais, limpeza de bueiros e coloca\u00e7\u00e3o de esc\u00f3ria em pontos cr\u00edticos. Segundo informa\u00e7oes do site da Prefeitura de Juiz de Fora, esas a\u00e7\u00f5es s\u00e3o realizadas nas localidades Estrada do 29, que abrange a regi\u00e3o de Monte Verde, [&hellip;]<\/p>\n","protected":false},"author":246,"featured_media":182679,"comment_status":"closed","ping_status":"closed","sticky":false,"template":"","format":"standard","meta":{"footnotes":""},"categories":[253,436,439],"tags":[],"class_list":["post-182677","post","type-post","status-publish","format-standard","has-post-thumbnail","hentry","category-cidade","category-destaque-da-semana","category-ultima-hora"],"_links":{"self":[{"href":"https:\/\/diarioregionaldigital.com.br\/index.php?rest_route=\/wp\/v2\/posts\/182677","targetHints":{"allow":["GET"]}}],"collection":[{"href":"https:\/\/diarioregionaldigital.com.br\/index.php?rest_route=\/wp\/v2\/posts"}],"about":[{"href":"https:\/\/diarioregionaldigital.com.br\/index.php?rest_route=\/wp\/v2\/types\/post"}],"author":[{"embeddable":true,"href":"https:\/\/diarioregionaldigital.com.br\/index.php?rest_route=\/wp\/v2\/users\/246"}],"replies":[{"embeddable":true,"href":"https:\/\/diarioregionaldigital.com.br\/index.php?rest_route=%2Fwp%2Fv2%2Fcomments&post=182677"}],"version-history":[{"count":1,"href":"https:\/\/diarioregionaldigital.com.br\/index.php?rest_route=\/wp\/v2\/posts\/182677\/revisions"}],"predecessor-version":[{"id":182680,"href":"https:\/\/diarioregionaldigital.com.br\/index.php?rest_route=\/wp\/v2\/posts\/182677\/revisions\/182680"}],"wp:featuredmedia":[{"embeddable":true,"href":"https:\/\/diarioregionaldigital.com.br\/index.php?rest_route=\/wp\/v2\/media\/182679"}],"wp:attachment":[{"href":"https:\/\/diarioregionaldigital.com.br\/index.php?rest_route=%2Fwp%2Fv2%2Fmedia&parent=182677"}],"wp:term":[{"taxonomy":"category","embeddable":true,"href":"https:\/\/diarioregionaldigital.com.br\/index.php?rest_route=%2Fwp%2Fv2%2Fcategories&post=182677"},{"taxonomy":"post_tag","embeddable":true,"href":"https:\/\/diarioregionaldigital.com.br\/index.php?rest_route=%2Fwp%2Fv2%2Ftags&post=182677"}],"curies":[{"name":"wp","href":"https:\/\/api.w.org\/{rel}","templated":true}]}}