{"id":182674,"date":"2021-05-19T20:25:28","date_gmt":"2021-05-19T23:25:28","guid":{"rendered":"https:\/\/diarioregionaldigital.com.br\/?p=182674"},"modified":"2021-05-19T21:17:45","modified_gmt":"2021-05-20T00:17:45","slug":"veja-como-fica-o-calendario-de-vacinacao-contra-covid-19-e-influenza-nesta-quinta-feira-10","status":"publish","type":"post","link":"https:\/\/diarioregionaldigital.com.br\/?p=182674","title":{"rendered":"Veja como fica o calend\u00e1rio de vacina\u00e7\u00e3o contra Covid-19 e Influenza nesta quinta-feira, 20"},"content":{"rendered":"<div id=\"box_texto_noticia\">\n<p>A campanha de imuniza\u00e7\u00e3o da\u00a0 Secretaria de Sa\u00fade (SS) da Prefeitura de Juiz de Fora (PJF) contra a Covid-19 e contra a Influenza avan\u00e7a nesta semana. Ser\u00e1 a vez das pessoas com comorbidade e as com defici\u00eancia permanente de 43 e 44 anos receberem a primeira dose do imunizante contra a Covid-19, no Sport Club JF, das 9h \u00e0s 16h, nesta quinta-feira, 20. Ser\u00e3o vacinadas tamb\u00e9m, no mesmo local e hor\u00e1rion as pessoas com S\u00edndrome de Down e autistas, al\u00e9m de gr\u00e1vidas e pu\u00e9rperas com comorbidades. Crian\u00e7as de 6 meses a 6 anos incompletos, gr\u00e1vidas, pu\u00e9rperas (mulheres que tiveram filho recentemente) e idosos seguem sendo vacinadas contra a gripe.<\/p>\n<p>Segundo informa\u00e7\u00f5es da site da Prefeitura de Juiz de Fora, al\u00e9m da vacina\u00e7\u00e3o no Sport, motoristas e cobradores do transporte coletivo urbano recebem a primeira dose do imunizante no RU Centro da UFJF. Entre 9h e 12h30, os profissionais, cujos nomes s\u00e3o iniciados por letras de K a Z s\u00e3o vacinados, enquanto aqueles que os nomes se iniciam pelas letras de A a J recebem a dose na parte da tarde, entre 12h30 e 16h.<\/p>\n<p>N\u00e3o ser\u00e1 realizada nas UBSs, a vacina\u00e7\u00e3o contra a gripe (Influenza) \u00e0s quinta-feiras. Por conta disso, esta vacina\u00e7\u00e3o ocorre para idosos com 60 anos ou mais no Departamento de Sa\u00fade do Idodo e, para crian\u00e7as de 6 meses a 6 anos incompletos, gr\u00e1vidas e pu\u00e9rperas, no Departamento de Sa\u00fade da Mulher da Crian\u00e7a e Adolescente (DSMCA). Os grupos citados acima, bem como os professores das redes p\u00fablicas e privadas, poder\u00e3o ir \u00e0s UBSs nesta sexta-feira, 21, para receber o imunizante contra a Influenza.<\/p>\n<p>Est\u00e1 dispon\u00edvel tamb\u00e9m est\u00e1 dispon\u00edvel no site da PJF, a lista de documenta\u00e7\u00e3o necess\u00e1ria para a imuniza\u00e7\u00e3o dos grupos priorit\u00e1rios, tanto daqueles que v\u00e3o receber a vacina contra Covid-19 quanto para os que ser\u00e3o vacinados contra Influenza.<\/p>\n<p><b>Fique atento<\/b><br \/>\nQuem se vacinou contra a gripe e tem direito de se vacinar tamb\u00e9m contra a Covid-19, ou vice-versa, deve esperar pelo menos 14 dias entre o momento que recebeu a dose de um imunizante para poder ser vacinado com o outro.<\/p>\n<p>Para quem foi diagnosticado com Covid-19, \u00e9 recomendado ao menos 30 dias de espera entre o come\u00e7o dos sintomas ou teste positivo (no caso dos assintom\u00e1ticos) para receber as vacinas. No caso da Coronavac, a pessoa deve esperar a imuniza\u00e7\u00e3o completa, tomando as duas doses. No caso da Astrazeneca, em que o per\u00edodo entre a primeira e segunda dose \u00e9 de aproximadamente 84 dias, a vacina contra a gripe pode ser aplicada 14 dias ap\u00f3s a primeira dose.<\/p>\n<p><b>Pr\u00e9-cadastros<\/b><\/p>\n<p>O pr\u00e9-cadastramento deve ser feito exclusivamente no\u00a0<a href=\"https:\/\/www.pjf.mg.gov.br\/\"><b>site da Prefeitura<\/b><\/a>. Est\u00e3o abertos os pr\u00e9-cadastros para as\u00a0<a href=\"https:\/\/covid19.pjf.mg.gov.br\/vacinacao_comorbidades.php\"><b>pessoas com comorbidades<\/b><\/a>\u00a0com 18 anos ou mais,\u00a0<a href=\"https:\/\/covid19.pjf.mg.gov.br\/vacinacao_trabalhadores_da_educacao.php\"><b>trabalhadores da educa\u00e7\u00e3o ativos<\/b><\/a>\u00a0e<br \/>\n<a href=\"https:\/\/covid19.pjf.mg.gov.br\/vacinacao_profissionais_da_saude.php\"><b>trabalhadores da sa\u00fade ativos<\/b><\/a>. Vale ressaltar que o pr\u00e9-cadastro n\u00e3o \u00e9 um sistema de agendamento, mas visa uma melhor organiza\u00e7\u00e3o para evitar aglomera\u00e7\u00f5es quando chegar a vez destes p\u00fablicos serem imunizados. A execu\u00e7\u00e3o da vacina\u00e7\u00e3o por parte da Secretaria de Sa\u00fade acontecer\u00e1 de acordo com a disponibiliza\u00e7\u00e3o das doses vindas dos governos Estadual e Federal, sempre seguindo os protocolos do Plano Nacional de Imuniza\u00e7\u00e3o (PNI). Os crit\u00e9rios para imuniza\u00e7\u00e3o, assim como os locais, dias e hor\u00e1rios para atendimento destes grupos, ainda n\u00e3o foram decididos e ser\u00e3o divulgados assim que houver a defini\u00e7\u00e3o.<\/p>\n<p><b>Confira o calend\u00e1rio de vacina\u00e7\u00e3o contra a Covid nesta quarta-feira, 20<\/b><\/p>\n<p>Gr\u00e1vidas e Pu\u00e9rperas com comorbidades<br \/>\nPrimeira dose de Coronavac no Sport Club Juiz de Fora, das 8h \u00e0s 16h.<br \/>\nMotoristas e cobradores do transporte coletivo urbano<br \/>\nS\u00e3o vacinados no RU Centro da UFJF, entre as 9h e 12h30, os profissionais cujo os nomes s\u00e3o iniciados por letras de K a Z, enquanto aqueles que os nomes se iniciam pelas letras de A a J recebem a vacina na parte da tarde, entre 12h30 e 16h, no mesmo local.<br \/>\nPessoas com comorbidades e defici\u00eancia permanente de 44 e 43 anos<br \/>\nPrimeira dose do imunizante no Sport Club Juiz de Fora, das 8h \u00e0s 16h, e em 46 UBSs, das 8h \u00e0s 11h.<br \/>\nPessoas com S\u00edndrome de Down e autistas<br \/>\nPrimeira e segunda doses aplicadas no Sport Club Juiz de Fora, das 8h \u00e0s 16h<br \/>\nVacina\u00e7\u00e3o Influenza nesta quinta-feira, 19:<br \/>\nIdosos com 60 anos ou mais<br \/>\nDepartamento de Sa\u00fade do Idoso, das 9h \u00e0s 16h<\/p>\n<p><b>Crian\u00e7as de 6 meses a 6 anos, gr\u00e1vidas e pu\u00e9rperas<\/b><br \/>\nDepartamento de Sa\u00fade da Mulher da Crian\u00e7a e Adolescente (DSMCA), de 8h \u00e0s 14h<\/p>\n<p><b>Gr\u00e1vidas e Pu\u00e9rperas<\/b><br \/>\nDepartamento de Sa\u00fade da Mulher da Crian\u00e7a e Adolescente (DSMCA), das 8h \u00e0s 14h<\/p>\n<p><b>Confira os endere\u00e7os dos locais de imuniza\u00e7\u00e3o:<\/b><\/p>\n<p>Sport Club Juiz de Fora<br \/>\nAvenida Bar\u00e3o do Rio Branco, 1.303, centro<\/p>\n<p>Departamento de Sa\u00fade do Idoso<br \/>\nRua Batista de Oliveira, 943, Granbery<\/p>\n<p>Restaurante Universit\u00e1rio (RU) da UFJF<br \/>\nRua Santo Ant\u00f4nio, esquina com a Rua Benjamin Constant, s\/n, ao lado do Museu de Arte Murilo (Mamm), no centro.<\/p>\n<\/div>\n<p>&nbsp;<\/p>\n<div id=\"box_compartilhar\" align=\"right\"><\/div>\n","protected":false},"excerpt":{"rendered":"<p>A campanha de imuniza\u00e7\u00e3o da\u00a0 Secretaria de Sa\u00fade (SS) da Prefeitura de Juiz de Fora (PJF) contra a Covid-19 e contra a Influenza avan\u00e7a nesta semana. Ser\u00e1 a vez das pessoas com comorbidade e as com defici\u00eancia permanente de 43 e 44 anos receberem a primeira dose do imunizante contra a Covid-19, no Sport Club [&hellip;]<\/p>\n","protected":false},"author":246,"featured_media":182675,"comment_status":"closed","ping_status":"closed","sticky":false,"template":"","format":"standard","meta":{"footnotes":""},"categories":[253,440,439],"tags":[],"class_list":["post-182674","post","type-post","status-publish","format-standard","has-post-thumbnail","hentry","category-cidade","category-destaques-do-dia","category-ultima-hora"],"_links":{"self":[{"href":"https:\/\/diarioregionaldigital.com.br\/index.php?rest_route=\/wp\/v2\/posts\/182674","targetHints":{"allow":["GET"]}}],"collection":[{"href":"https:\/\/diarioregionaldigital.com.br\/index.php?rest_route=\/wp\/v2\/posts"}],"about":[{"href":"https:\/\/diarioregionaldigital.com.br\/index.php?rest_route=\/wp\/v2\/types\/post"}],"author":[{"embeddable":true,"href":"https:\/\/diarioregionaldigital.com.br\/index.php?rest_route=\/wp\/v2\/users\/246"}],"replies":[{"embeddable":true,"href":"https:\/\/diarioregionaldigital.com.br\/index.php?rest_route=%2Fwp%2Fv2%2Fcomments&post=182674"}],"version-history":[{"count":3,"href":"https:\/\/diarioregionaldigital.com.br\/index.php?rest_route=\/wp\/v2\/posts\/182674\/revisions"}],"predecessor-version":[{"id":182700,"href":"https:\/\/diarioregionaldigital.com.br\/index.php?rest_route=\/wp\/v2\/posts\/182674\/revisions\/182700"}],"wp:featuredmedia":[{"embeddable":true,"href":"https:\/\/diarioregionaldigital.com.br\/index.php?rest_route=\/wp\/v2\/media\/182675"}],"wp:attachment":[{"href":"https:\/\/diarioregionaldigital.com.br\/index.php?rest_route=%2Fwp%2Fv2%2Fmedia&parent=182674"}],"wp:term":[{"taxonomy":"category","embeddable":true,"href":"https:\/\/diarioregionaldigital.com.br\/index.php?rest_route=%2Fwp%2Fv2%2Fcategories&post=182674"},{"taxonomy":"post_tag","embeddable":true,"href":"https:\/\/diarioregionaldigital.com.br\/index.php?rest_route=%2Fwp%2Fv2%2Ftags&post=182674"}],"curies":[{"name":"wp","href":"https:\/\/api.w.org\/{rel}","templated":true}]}}