{"id":182585,"date":"2021-05-18T17:29:01","date_gmt":"2021-05-18T20:29:01","guid":{"rendered":"https:\/\/diarioregionaldigital.com.br\/?p=182585"},"modified":"2021-05-18T17:29:01","modified_gmt":"2021-05-18T20:29:01","slug":"nova-remessa-de-vacinas-vai-reforcar-a-segunda-dose-dos-grupos-prioritarios","status":"publish","type":"post","link":"https:\/\/diarioregionaldigital.com.br\/?p=182585","title":{"rendered":"Nova remessa de vacinas vai refor\u00e7ar a segunda dose dos grupos priorit\u00e1rios"},"content":{"rendered":"<p>Minas Gerais recebeu, nesta ter\u00e7a-feira (18\/5), o 20\u00ba lote de vacinas contra a covid-19. S\u00e3o\u00a0508.050 doses para dar continuidade \u00e0 imuniza\u00e7\u00e3o dos grupos priorit\u00e1rios, sendo\u00a08.200 doses da CoronaVac e 435.500 doses da AstraZeneca. Os imunizantes desembarcaram no Aeroporto Internacional de Belo Horizonte, em Confins, de onde foram encaminhados para a\u00a0Central Estadual de Rede de Frio da\u00a0<a href=\"http:\/\/www.saude.mg.gov.br\/\" target=\"_blank\" rel=\"noopener\">Secretaria de Estado de Sa\u00fade (SES-MG)<\/a>.<\/p>\n<p>A partir das 18h, outras 64.350 doses, desta vez da\u00a0Pfizer, tamb\u00e9m chegar\u00e3o\u00a0ao aeroporto. Estas vacinas ser\u00e3o\u00a0destinadas \u00e0 vacina\u00e7\u00e3o dos grupos priorit\u00e1rios e, conforme define o Plano Nacional de Imuniza\u00e7\u00e3o (Minist\u00e9rio da Sa\u00fade), dever\u00e3o permanecer na capital do estado. Os imunizantes da\u00a0Pfizer ficar\u00e3o acondicionados \u00e0 temperatura de -70\u00baC, para garantir a durabilidade de at\u00e9 seis meses.<\/p>\n<p><strong>P\u00fablico-alvo<\/strong><\/p>\n<p>As 8.200 doses vacina da CoronaVac ser\u00e3o destinadas a completar a dose 2 (D2) de quem ainda precisa tomar o refor\u00e7o da segunda dose. J\u00e1 os imunizantes\u00a0da AstraZeneca ser\u00e3o utilizados para aplica\u00e7\u00e3o do refor\u00e7o em idosos de 65 a 69 anos e de 60 a 64 anos. J\u00e1 o imunizante da Pfizer ser\u00e1 destinado \u00e0s pessoas com comorbidades, gr\u00e1vidas, mulheres que acabaram de dar \u00e0 luz e pessoas com defici\u00eancias\u00a0permanentes.<\/p>\n<p><strong>Log\u00edstica<\/strong><\/p>\n<p>Os imunizantes AstraZeneca, Coronavac e Pfizer ser\u00e3o levados para a Rede de Frio estadual, em Belo Horizonte, e de l\u00e1 ser\u00e3o distribu\u00eddos para as 28 regionais de sa\u00fade. A log\u00edstica de distribui\u00e7\u00e3o faz parte da maior opera\u00e7\u00e3o de vacina\u00e7\u00e3o da hist\u00f3ria de Minas Gerais, que ser\u00e1 divulgada em breve.<\/p>\n<p><span style=\"font-weight: 400;\">Fonte: Ag\u00eancia Minas<\/span><\/p>\n","protected":false},"excerpt":{"rendered":"<p>Minas Gerais recebeu, nesta ter\u00e7a-feira (18\/5), o 20\u00ba lote de vacinas contra a covid-19. S\u00e3o\u00a0508.050 doses para dar continuidade \u00e0 imuniza\u00e7\u00e3o dos grupos priorit\u00e1rios, sendo\u00a08.200 doses da CoronaVac e 435.500 doses da AstraZeneca. Os imunizantes desembarcaram no Aeroporto Internacional de Belo Horizonte, em Confins, de onde foram encaminhados para a\u00a0Central Estadual de Rede de Frio [&hellip;]<\/p>\n","protected":false},"author":246,"featured_media":182586,"comment_status":"closed","ping_status":"closed","sticky":false,"template":"","format":"standard","meta":{"footnotes":""},"categories":[436,254,439],"tags":[],"class_list":["post-182585","post","type-post","status-publish","format-standard","has-post-thumbnail","hentry","category-destaque-da-semana","category-politica","category-ultima-hora"],"_links":{"self":[{"href":"https:\/\/diarioregionaldigital.com.br\/index.php?rest_route=\/wp\/v2\/posts\/182585","targetHints":{"allow":["GET"]}}],"collection":[{"href":"https:\/\/diarioregionaldigital.com.br\/index.php?rest_route=\/wp\/v2\/posts"}],"about":[{"href":"https:\/\/diarioregionaldigital.com.br\/index.php?rest_route=\/wp\/v2\/types\/post"}],"author":[{"embeddable":true,"href":"https:\/\/diarioregionaldigital.com.br\/index.php?rest_route=\/wp\/v2\/users\/246"}],"replies":[{"embeddable":true,"href":"https:\/\/diarioregionaldigital.com.br\/index.php?rest_route=%2Fwp%2Fv2%2Fcomments&post=182585"}],"version-history":[{"count":1,"href":"https:\/\/diarioregionaldigital.com.br\/index.php?rest_route=\/wp\/v2\/posts\/182585\/revisions"}],"predecessor-version":[{"id":182587,"href":"https:\/\/diarioregionaldigital.com.br\/index.php?rest_route=\/wp\/v2\/posts\/182585\/revisions\/182587"}],"wp:featuredmedia":[{"embeddable":true,"href":"https:\/\/diarioregionaldigital.com.br\/index.php?rest_route=\/wp\/v2\/media\/182586"}],"wp:attachment":[{"href":"https:\/\/diarioregionaldigital.com.br\/index.php?rest_route=%2Fwp%2Fv2%2Fmedia&parent=182585"}],"wp:term":[{"taxonomy":"category","embeddable":true,"href":"https:\/\/diarioregionaldigital.com.br\/index.php?rest_route=%2Fwp%2Fv2%2Fcategories&post=182585"},{"taxonomy":"post_tag","embeddable":true,"href":"https:\/\/diarioregionaldigital.com.br\/index.php?rest_route=%2Fwp%2Fv2%2Ftags&post=182585"}],"curies":[{"name":"wp","href":"https:\/\/api.w.org\/{rel}","templated":true}]}}