{"id":182582,"date":"2021-05-18T17:26:35","date_gmt":"2021-05-18T20:26:35","guid":{"rendered":"https:\/\/diarioregionaldigital.com.br\/?p=182582"},"modified":"2021-05-18T17:26:35","modified_gmt":"2021-05-18T20:26:35","slug":"romeu-zema-e-ministro-do-meio-ambiente-lancam-edital-para-melhorar-destinacao-do-lixo-em-minas-gerais","status":"publish","type":"post","link":"https:\/\/diarioregionaldigital.com.br\/?p=182582","title":{"rendered":"Romeu Zema e ministro do Meio Ambiente lan\u00e7am edital para melhorar destina\u00e7\u00e3o do lixo em Minas Gerais"},"content":{"rendered":"<p>O governador Romeu Zema participou, nesta segunda-feira (17\/5), ao lado do ministro do Meio Ambiente, Ricardo Salles, do lan\u00e7amento do edital de chamada p\u00fablica para sele\u00e7\u00e3o de projetos para melhorar a gest\u00e3o de res\u00edduos s\u00f3lidos em Minas. A iniciativa faz parte do programa Lix\u00e3o Zero, do Minist\u00e9rio do Meio Ambiente, que tem objetivo de eliminar lix\u00f5es e apoiar munic\u00edpios em solu\u00e7\u00f5es sobre a destina\u00e7\u00e3o de res\u00edduos s\u00f3lidos.<\/p>\n<p>Ser\u00e3o disponibilizados R$ 100 milh\u00f5es, com recursos de acordos de multa ambiental firmados entre Vale S\/A e Ibama, para auxiliar cerca de 400 munic\u00edpios na destina\u00e7\u00e3o ambientalmente adequada de res\u00edduos, por meio da reciclagem e recupera\u00e7\u00e3o de materiais.<\/p>\n<p>Durante a cerim\u00f4nia, realizada na Fiemg, em Belo Horizonte, Zema destacou que a medida vai gerar, al\u00e9m de ganhos ao meio ambiente, benef\u00edcios econ\u00f4micos e gera\u00e7\u00e3o de empregos.<\/p>\n<p>\u201cSabemos que isso significa n\u00e3o s\u00f3 redu\u00e7\u00e3o de danos ao meio ambiente como tamb\u00e9m mais sa\u00fade \u00e0 popula\u00e7\u00e3o, j\u00e1 que a disposi\u00e7\u00e3o inadequada de res\u00edduos acarreta uma s\u00e9rie de problemas. Vem em uma \u00f3tima hora, pois tamb\u00e9m significa movimenta\u00e7\u00e3o econ\u00f4mica e gera\u00e7\u00e3o de empregos. Tudo isso contribui de forma muito expressiva para o nosso estado que enfrenta tantas dificuldades\u201d, afirmou.<\/p>\n<p>O governador tamb\u00e9m lembrou que os R$ 100 milh\u00f5es disponibilizados complementam o total de R$ 1 bilh\u00e3o recebidos pelo Estado via termo de repara\u00e7\u00e3o com a Vale, para investimento nas cidades do entorno do Rio Paraopeba.<\/p>\n<p>\u201cEsses locais passar\u00e3o a ser atendidos com tratamento de \u00e1gua, esgoto, e res\u00edduos adequados. Tudo isso vai contribuir para substancial mudan\u00e7a na quest\u00e3o do tratamento de res\u00edduos do Estado. Ainda temos muito lix\u00f5es e muito o que fazer, mas a evolu\u00e7\u00e3o tem sido constante\u201d, disse.<\/p>\n<p><strong>Desenvolvimento<\/strong><\/p>\n<p>O ministro do Meio Ambiente, Ricardo Salles, afirmou que melhorar o tratamento de res\u00edduos e o saneamento s\u00e3o fundamentais para o desenvolvimento do pa\u00eds.<\/p>\n<p>\u201cDecidimos colocar os R$ 100 milh\u00f5es para a agenda do combate aos lix\u00f5es, agenda de res\u00edduos s\u00f3lidos, que, junto com o saneamento, s\u00e3o a maior marca do nosso subdesenvolvimento no Brasil. Um pa\u00eds em que 100 milh\u00f5es de pessoas n\u00e3o t\u00eam coleta e tratamento de esgoto; 35 milh\u00f5es de brasileiros n\u00e3o t\u00eam sequer \u00e1gua encanada em casa e mais de 3 mil munic\u00edpios no Brasil t\u00eam graves problemas de gest\u00e3o dos res\u00edduos s\u00f3lidos, que n\u00f3s, popularmente, chamamos de lix\u00f5es\u201d, esclareceu.\u00a0Ele ressaltou que a verba vai permitir a instala\u00e7\u00e3o de centros de triagem mecanizadas de res\u00edduos s\u00f3lidos nas cidades.<\/p>\n<p>\u201c\u00c9 aquela separa\u00e7\u00e3o do lixo, para que se permita de um lado dar valor \u00e0quilo que pode ser reciclado, reinserido no princ\u00edpio da economia circular, e por outro lado diminuir o volume de res\u00edduos que vai para os aterros\u201d, explicou.<\/p>\n<p><strong>Impulso \u00e0 economia<\/strong><\/p>\n<p>O presidente da Fiemg, Fl\u00e1vio Roscoe, defendeu que o projeto d\u00e1 fim a 50 anos de aus\u00eancia de solu\u00e7\u00e3o definitiva para o meio ambiente, al\u00e9m de impulsionar a economia.<\/p>\n<p>\u201cO lix\u00e3o \u00e9 uma solu\u00e7\u00e3o em que voc\u00ea cont\u00e9m o lixo em algum lugar, mas ele est\u00e1 ali, \u00e9 um passivo ambiental para a sociedade. Retirar do lix\u00e3o os lixos que podem ser reutilizados na economia \u00e9 refor\u00e7ar uma pol\u00edtica ambiental adequada, \u00e9 refor\u00e7ar a economia. Algo que era descarte vira receita, ou seja, n\u00f3s estamos transformando o lixo em gera\u00e7\u00e3o de renda e em gera\u00e7\u00e3o de produtos para a sociedade\u201d, destacou.<\/p>\n<p>Tamb\u00e9m presente na cerim\u00f4nia, o senador Carlos Viana ressaltou que o equil\u00edbrio do meio ambiente \u00e9 um interesse comum de todos.<br \/>\n\u201cNaturalmente, a quest\u00e3o do meio ambiente gera muitas pol\u00eamicas, mas h\u00e1 um interesse comum entre estas partes: a de que n\u00f3s consigamos chegar ao equil\u00edbrio da preserva\u00e7\u00e3o, do desenvolvimento sustent\u00e1vel e na melhoria da qualidade das nossas cidades. Este \u00e9 um assunto em que o Brasil est\u00e1 muito atrasado e n\u00f3s precisamos daqui para frente trabalhar com muita seriedade e, principalmente, com muito planejamento\u201d, disse.<\/p>\n<p><strong>Usinas de triagem<\/strong><\/p>\n<p>Os cons\u00f3rcios p\u00fablicos intermunicipais ser\u00e3o selecionados e receber\u00e3o financiamento para implanta\u00e7\u00e3o de usinas de triagem mecanizadas de res\u00edduos s\u00f3lidos urbanos, onde ocorre a separa\u00e7\u00e3o dos res\u00edduos. Os cons\u00f3rcios contemplados ter\u00e3o o compromisso de operar as usinas de triagem e a responsabilidade de encerrar os lix\u00f5es nos munic\u00edpios beneficiados pelo projeto.<\/p>\n<p>Essas usinas permitir\u00e3o a separa\u00e7\u00e3o de materiais recicl\u00e1veis, valoriza\u00e7\u00e3o dos res\u00edduos org\u00e2nicos e gera\u00e7\u00e3o de combust\u00edvel derivado de res\u00edduos, que substituem combust\u00edveis f\u00f3sseis.<\/p>\n<p>Al\u00e9m disso, a separa\u00e7\u00e3o dos res\u00edduos contribuir\u00e1 para o aumento da vida \u00fatil dos aterros sanit\u00e1rios, bem como o encerramento de locais inadequados de disposi\u00e7\u00e3o de res\u00edduos urbanos, tais como lix\u00f5es e outros pontos de descarte irregular.<\/p>\n<p><strong>N\u00fameros<\/strong><\/p>\n<p>Dados da<a href=\"http:\/\/www.meioambiente.mg.gov.br\/\" target=\"_blank\" rel=\"noopener\">\u00a0Secretaria de Estado de Meio Ambiente<\/a>\u00a0apontam que Minas tem, hoje, 406 munic\u00edpios (33% da popula\u00e7\u00e3o) que integram um ou mais cons\u00f3rcios p\u00fablicos intermunicipais que atuam na gest\u00e3o de res\u00edduos s\u00f3lidos<\/p>\n<p>De 2019 para 2020, houve aumento de 36 munic\u00edpios que regularizaram a destina\u00e7\u00e3o de seus res\u00edduos s\u00f3lidos. Os aterros regularizados e compartilhados est\u00e3o nas regi\u00f5es Sul (Alfenas, Andradas, Itajub\u00e1 e Nepomuceno), Tri\u00e2ngulo Mineiro (Uberaba), Norte (Montes Claros), Central (Betim, Conselheiro Lafaiete e Sabar\u00e1), Zona da Mata (Juiz de Fora e Leopoldina) e Leste (Santana do Para\u00edso). Eles recebem 7,6 toneladas de res\u00edduos\/dia.<\/p>\n<p><span style=\"font-weight: 400;\">Fonte: Ag\u00eancia Minas<\/span><\/p>\n","protected":false},"excerpt":{"rendered":"<p>O governador Romeu Zema participou, nesta segunda-feira (17\/5), ao lado do ministro do Meio Ambiente, Ricardo Salles, do lan\u00e7amento do edital de chamada p\u00fablica para sele\u00e7\u00e3o de projetos para melhorar a gest\u00e3o de res\u00edduos s\u00f3lidos em Minas. A iniciativa faz parte do programa Lix\u00e3o Zero, do Minist\u00e9rio do Meio Ambiente, que tem objetivo de eliminar [&hellip;]<\/p>\n","protected":false},"author":246,"featured_media":182583,"comment_status":"closed","ping_status":"closed","sticky":false,"template":"","format":"standard","meta":{"footnotes":""},"categories":[440,254,439],"tags":[],"class_list":["post-182582","post","type-post","status-publish","format-standard","has-post-thumbnail","hentry","category-destaques-do-dia","category-politica","category-ultima-hora"],"_links":{"self":[{"href":"https:\/\/diarioregionaldigital.com.br\/index.php?rest_route=\/wp\/v2\/posts\/182582","targetHints":{"allow":["GET"]}}],"collection":[{"href":"https:\/\/diarioregionaldigital.com.br\/index.php?rest_route=\/wp\/v2\/posts"}],"about":[{"href":"https:\/\/diarioregionaldigital.com.br\/index.php?rest_route=\/wp\/v2\/types\/post"}],"author":[{"embeddable":true,"href":"https:\/\/diarioregionaldigital.com.br\/index.php?rest_route=\/wp\/v2\/users\/246"}],"replies":[{"embeddable":true,"href":"https:\/\/diarioregionaldigital.com.br\/index.php?rest_route=%2Fwp%2Fv2%2Fcomments&post=182582"}],"version-history":[{"count":1,"href":"https:\/\/diarioregionaldigital.com.br\/index.php?rest_route=\/wp\/v2\/posts\/182582\/revisions"}],"predecessor-version":[{"id":182584,"href":"https:\/\/diarioregionaldigital.com.br\/index.php?rest_route=\/wp\/v2\/posts\/182582\/revisions\/182584"}],"wp:featuredmedia":[{"embeddable":true,"href":"https:\/\/diarioregionaldigital.com.br\/index.php?rest_route=\/wp\/v2\/media\/182583"}],"wp:attachment":[{"href":"https:\/\/diarioregionaldigital.com.br\/index.php?rest_route=%2Fwp%2Fv2%2Fmedia&parent=182582"}],"wp:term":[{"taxonomy":"category","embeddable":true,"href":"https:\/\/diarioregionaldigital.com.br\/index.php?rest_route=%2Fwp%2Fv2%2Fcategories&post=182582"},{"taxonomy":"post_tag","embeddable":true,"href":"https:\/\/diarioregionaldigital.com.br\/index.php?rest_route=%2Fwp%2Fv2%2Ftags&post=182582"}],"curies":[{"name":"wp","href":"https:\/\/api.w.org\/{rel}","templated":true}]}}