{"id":182524,"date":"2021-05-17T18:53:35","date_gmt":"2021-05-17T21:53:35","guid":{"rendered":"https:\/\/diarioregionaldigital.com.br\/?p=182524"},"modified":"2021-05-17T18:53:35","modified_gmt":"2021-05-17T21:53:35","slug":"federer-espera-que-jogar-no-saibro-ajude-em-wimbledon","status":"publish","type":"post","link":"https:\/\/diarioregionaldigital.com.br\/?p=182524","title":{"rendered":"Federer espera que jogar no saibro ajude em Wimbledon"},"content":{"rendered":"<p>Roger Federer disse nesta segunda-feira (17) que nunca teve problemas para mudar das quadras de saibro para a grama, e que espera que a decis\u00e3o de jogar no piso de que menos gosta em Roland Garros se mostre ben\u00e9fico para sua campanha em Wimbledon.<img decoding=\"async\" src=\"https:\/\/agenciabrasil.ebc.com.br\/ebc.png?id=1409924&amp;o=node\" \/><img decoding=\"async\" src=\"https:\/\/agenciabrasil.ebc.com.br\/ebc.gif?id=1409924&amp;o=node\" \/><\/p>\n<p>O Grand Slam no saibro tem sido o menos produtivo para o tenista de 39 anos, que s\u00f3 conquistou um t\u00edtulo l\u00e1, e ele n\u00e3o disputou o Aberto da Fran\u00e7a em quatro dos \u00faltimos cinco anos devido a les\u00f5es e prefer\u00eancias de calend\u00e1rio.<\/p>\n<p>Depois de uma aus\u00eancia de mais de um ano por conta de duas opera\u00e7\u00f5es no joelho, Federer voltou ao circuito em mar\u00e7o e iniciar\u00e1 sua campanha no saibro no Masters 250 de Genebra desta semana para se preparar para Roland Garros, que come\u00e7a em 30 de maio.<\/p>\n<p>Em Halle, na Alemanha, ele disputar\u00e1 um evento preparat\u00f3rio para Wimbledon &#8212; o Grand Slam na grama que ele j\u00e1 venceu oito vezes.<\/p>\n<p>&#8220;Fiquei feliz de n\u00e3o ter sentido o joelho diferente do piso duro para o saibro, ent\u00e3o espero o mesmo do saibro para a grama&#8221;, disse o su\u00ed\u00e7o a rep\u00f3rteres nesta segunda-feira.<\/p>\n<p>&#8220;Desde 98, desde que temos a grama no meu calend\u00e1rio, nunca tive grandes problemas para alternar entre superf\u00edcies&#8221;.<\/p>\n<p>&#8220;Acho que o tenista est\u00e1 acostumado com estas mudan\u00e7as, mas \u00e9 claro, com uma les\u00e3o sempre existe um pouco mais de preocupa\u00e7\u00e3o, especialmente se voc\u00ea n\u00e3o joga h\u00e1 tanto tempo quanto eu&#8221;.<\/p>\n<p>Neste ano, Roland Garros foi adiado em uma semana por causa da pandemia de Covid-19, e Federer disse que a mudan\u00e7a teve um impacto grande em seu calend\u00e1rio, mas que est\u00e1 satisfeito com os preparativos para Wimbledon, que come\u00e7a no dia 28 de junho.<\/p>\n<p><span style=\"font-weight: 400;\">Fonte:\u00a0 Ag\u00eancia Brasil <\/span><\/p>\n","protected":false},"excerpt":{"rendered":"<p>Roger Federer disse nesta segunda-feira (17) que nunca teve problemas para mudar das quadras de saibro para a grama, e que espera que a decis\u00e3o de jogar no piso de que menos gosta em Roland Garros se mostre ben\u00e9fico para sua campanha em Wimbledon. O Grand Slam no saibro tem sido o menos produtivo para [&hellip;]<\/p>\n","protected":false},"author":246,"featured_media":182525,"comment_status":"closed","ping_status":"closed","sticky":false,"template":"","format":"standard","meta":{"footnotes":""},"categories":[436,257,439],"tags":[],"class_list":["post-182524","post","type-post","status-publish","format-standard","has-post-thumbnail","hentry","category-destaque-da-semana","category-esporte","category-ultima-hora"],"_links":{"self":[{"href":"https:\/\/diarioregionaldigital.com.br\/index.php?rest_route=\/wp\/v2\/posts\/182524","targetHints":{"allow":["GET"]}}],"collection":[{"href":"https:\/\/diarioregionaldigital.com.br\/index.php?rest_route=\/wp\/v2\/posts"}],"about":[{"href":"https:\/\/diarioregionaldigital.com.br\/index.php?rest_route=\/wp\/v2\/types\/post"}],"author":[{"embeddable":true,"href":"https:\/\/diarioregionaldigital.com.br\/index.php?rest_route=\/wp\/v2\/users\/246"}],"replies":[{"embeddable":true,"href":"https:\/\/diarioregionaldigital.com.br\/index.php?rest_route=%2Fwp%2Fv2%2Fcomments&post=182524"}],"version-history":[{"count":1,"href":"https:\/\/diarioregionaldigital.com.br\/index.php?rest_route=\/wp\/v2\/posts\/182524\/revisions"}],"predecessor-version":[{"id":182526,"href":"https:\/\/diarioregionaldigital.com.br\/index.php?rest_route=\/wp\/v2\/posts\/182524\/revisions\/182526"}],"wp:featuredmedia":[{"embeddable":true,"href":"https:\/\/diarioregionaldigital.com.br\/index.php?rest_route=\/wp\/v2\/media\/182525"}],"wp:attachment":[{"href":"https:\/\/diarioregionaldigital.com.br\/index.php?rest_route=%2Fwp%2Fv2%2Fmedia&parent=182524"}],"wp:term":[{"taxonomy":"category","embeddable":true,"href":"https:\/\/diarioregionaldigital.com.br\/index.php?rest_route=%2Fwp%2Fv2%2Fcategories&post=182524"},{"taxonomy":"post_tag","embeddable":true,"href":"https:\/\/diarioregionaldigital.com.br\/index.php?rest_route=%2Fwp%2Fv2%2Ftags&post=182524"}],"curies":[{"name":"wp","href":"https:\/\/api.w.org\/{rel}","templated":true}]}}