{"id":182515,"date":"2021-05-17T18:38:20","date_gmt":"2021-05-17T21:38:20","guid":{"rendered":"https:\/\/diarioregionaldigital.com.br\/?p=182515"},"modified":"2021-05-17T18:38:20","modified_gmt":"2021-05-17T21:38:20","slug":"brasil-esta-a-13-medalhas-de-alcancar-a-100a-de-ouro-na-historia-dos-jogos-paralimpicos","status":"publish","type":"post","link":"https:\/\/diarioregionaldigital.com.br\/?p=182515","title":{"rendered":"Brasil est\u00e1 a 13 medalhas de alcan\u00e7ar a 100\u00aa de ouro na hist\u00f3ria dos Jogos Paral\u00edmpicos"},"content":{"rendered":"<p>A delega\u00e7\u00e3o brasileira paral\u00edmpica pode, novamente, ter um desempenho com muitas medalhas e, de quebra, obter mais uma fa\u00e7anha hist\u00f3rica em uma edi\u00e7\u00e3o de Jogos Paral\u00edmpicos. Em T\u00f3quio, quando neste domingo, 16, comemora-se o marco de 100 dias para a abertura do megaevento, em 24 de agosto, h\u00e1 a possibilidade de o pa\u00eds atingir a marca de 100 medalhas de ouro na hist\u00f3ria da sua participa\u00e7\u00e3o nos Jogos.<\/p>\n<p>De acordo com levantamento do departamento de Ci\u00eancias do Esporte do Comit\u00ea Paral\u00edmpico Brasileiro (CPB), o Brasil j\u00e1 conquistou 87 p\u00f3dios dourados na principal competi\u00e7\u00e3o do paradesporto, restando 13 para o feito hist\u00f3rico.<\/p>\n<p>Nas conquistas de medalhas de prata e de bronze, o pa\u00eds j\u00e1 ultrapassou a barreira dos 100 antes de chegar ao Jap\u00e3o. At\u00e9 agora, os atletas brasileiros paral\u00edmpicos j\u00e1 ficaram 112 vezes na segunda coloca\u00e7\u00e3o e 102 no terceiro lugar na hist\u00f3ria dos Jogos Paral\u00edmpicos.<\/p>\n<p>No total, o Brasil possui 64 atletas paral\u00edmpicos \u00fanicos que conquistaram as 87 medalhas de ouro, somando as modalidades individuais e coletivas. Entre eles, est\u00e1 Mizael Conrado, presidente reeleito do CPB e bicampe\u00e3o paral\u00edmpico no futebol de 5 em Atenas 2004 e Pequim 2008.<\/p>\n<p>*Confira a descri\u00e7\u00e3o dos gr\u00e1ficos\u00a0 <a href=\"https:\/\/www.cpb.org.br\/upload\/link\/af985d64fff441ecbbc2ff21dd851df8.pdf\" target=\"_blank\" rel=\"noopener\"><u><strong>clicando aqui<\/strong><\/u><\/a>.<\/p>\n<p>Fonte: Comunica\u00e7\u00e3o do Comit\u00ea Paral\u00edmpico Brasileiro<\/p>\n","protected":false},"excerpt":{"rendered":"<p>A delega\u00e7\u00e3o brasileira paral\u00edmpica pode, novamente, ter um desempenho com muitas medalhas e, de quebra, obter mais uma fa\u00e7anha hist\u00f3rica em uma edi\u00e7\u00e3o de Jogos Paral\u00edmpicos. Em T\u00f3quio, quando neste domingo, 16, comemora-se o marco de 100 dias para a abertura do megaevento, em 24 de agosto, h\u00e1 a possibilidade de o pa\u00eds atingir a [&hellip;]<\/p>\n","protected":false},"author":246,"featured_media":182516,"comment_status":"closed","ping_status":"closed","sticky":false,"template":"","format":"standard","meta":{"footnotes":""},"categories":[436,257,439],"tags":[],"class_list":["post-182515","post","type-post","status-publish","format-standard","has-post-thumbnail","hentry","category-destaque-da-semana","category-esporte","category-ultima-hora"],"_links":{"self":[{"href":"https:\/\/diarioregionaldigital.com.br\/index.php?rest_route=\/wp\/v2\/posts\/182515","targetHints":{"allow":["GET"]}}],"collection":[{"href":"https:\/\/diarioregionaldigital.com.br\/index.php?rest_route=\/wp\/v2\/posts"}],"about":[{"href":"https:\/\/diarioregionaldigital.com.br\/index.php?rest_route=\/wp\/v2\/types\/post"}],"author":[{"embeddable":true,"href":"https:\/\/diarioregionaldigital.com.br\/index.php?rest_route=\/wp\/v2\/users\/246"}],"replies":[{"embeddable":true,"href":"https:\/\/diarioregionaldigital.com.br\/index.php?rest_route=%2Fwp%2Fv2%2Fcomments&post=182515"}],"version-history":[{"count":1,"href":"https:\/\/diarioregionaldigital.com.br\/index.php?rest_route=\/wp\/v2\/posts\/182515\/revisions"}],"predecessor-version":[{"id":182517,"href":"https:\/\/diarioregionaldigital.com.br\/index.php?rest_route=\/wp\/v2\/posts\/182515\/revisions\/182517"}],"wp:featuredmedia":[{"embeddable":true,"href":"https:\/\/diarioregionaldigital.com.br\/index.php?rest_route=\/wp\/v2\/media\/182516"}],"wp:attachment":[{"href":"https:\/\/diarioregionaldigital.com.br\/index.php?rest_route=%2Fwp%2Fv2%2Fmedia&parent=182515"}],"wp:term":[{"taxonomy":"category","embeddable":true,"href":"https:\/\/diarioregionaldigital.com.br\/index.php?rest_route=%2Fwp%2Fv2%2Fcategories&post=182515"},{"taxonomy":"post_tag","embeddable":true,"href":"https:\/\/diarioregionaldigital.com.br\/index.php?rest_route=%2Fwp%2Fv2%2Ftags&post=182515"}],"curies":[{"name":"wp","href":"https:\/\/api.w.org\/{rel}","templated":true}]}}