{"id":182512,"date":"2021-05-17T18:22:58","date_gmt":"2021-05-17T21:22:58","guid":{"rendered":"https:\/\/diarioregionaldigital.com.br\/?p=182512"},"modified":"2021-05-17T22:15:05","modified_gmt":"2021-05-18T01:15:05","slug":"mais-de-91-da-populacao-indigena-em-minas-gerais-ja-foi-vacinada-contra-o-coronavirus","status":"publish","type":"post","link":"https:\/\/diarioregionaldigital.com.br\/?p=182512","title":{"rendered":"Mais de 91% da popula\u00e7\u00e3o ind\u00edgena em Minas Gerais j\u00e1 foi vacinada contra o coronav\u00edrus"},"content":{"rendered":"<p>Mais de 91% da popula\u00e7\u00e3o ind\u00edgena com mais de 18 anos que vive em Minas Gerais j\u00e1 foi imunizada com as duas doses da vacina contra a covid-19. Ao todo, 6.871 ind\u00edgenas de 85 comunidades, espalhadas em 19 munic\u00edpios mineiros, tomaram as duas doses do imunizante. Os dados, apurados nesta segunda-feira (17\/5), constam no painel do Vacin\u00f4metro, da Secretaria de Estado de Sa\u00fade de Minas Gerais (SES-MG). O percentual de imuniza\u00e7\u00e3o deste p\u00fablico com a primeira dose chegou a 97,19%.<\/p>\n<p>A vacina\u00e7\u00e3o deste p\u00fablico, priorizado na primeira fase do Plano Nacional de Imuniza\u00e7\u00e3o (PNI) do governo federal, come\u00e7ou no dia 20 de janeiro e contou com a atua\u00e7\u00e3o de mais de 400 profissionais de Sa\u00fade ind\u00edgena em Minas Gerais. A coordenadora estadual do Programa de imuniza\u00e7\u00f5es da SES-MG, Josianne Dias Gusm\u00e3o, destacou a import\u00e2ncia da vacina\u00e7\u00e3o desta popula\u00e7\u00e3o devido \u00e0 alta vulnerabilidade.<\/p>\n<p>\u201cEstes grupos apresentam riscos a doen\u00e7as respirat\u00f3rias graves, com mais chances de agravamento da doen\u00e7a, at\u00e9 mesmo por\u00a0viverem aldeados, bem pr\u00f3ximos. A vacina\u00e7\u00e3o \u00e9 muito importante para proteg\u00ea-los de surtos de casos nas comunidades, diminuindo o risco de complica\u00e7\u00f5es, casos e \u00f3bitos\u201d, afirma Josianne.<\/p>\n<p>Ainda segundo a coordenadora, o percentual m\u00ednimo de cobertura vacinal estabelecido pelo PNI \u00e9 de 90%, mas ela ressalta a import\u00e2ncia de toda\u00a0a popula\u00e7\u00e3o ind\u00edgena receber a segunda dose dos imunizantes.<\/p>\n<p><strong>Territ\u00f3rios<\/strong><\/p>\n<p>As terras ind\u00edgenas homologadas est\u00e3o espalhadas por 19 munic\u00edpios mineiros: A\u00e7ucena, Ara\u00e7ua\u00ed, Bert\u00f3polis, Caldas, Campan\u00e1rio, Carm\u00e9sia, Coronel Murta, Guanh\u00e3es, Itacarambi, Itapecerica, Ladainha, Martinho Campos, Pomp\u00e9u, Presidente Oleg\u00e1rio, Resplendor, Santa Helena de Minas, S\u00e3o Jo\u00e3o das Miss\u00f5es, S\u00e3o Joaquim de Bicas e Te\u00f3filo Otoni.<\/p>\n<p>A vacina\u00e7\u00e3o contra covid-19 nas aldeias em Minas Gerais come\u00e7ou em 20 de janeiro deste ano, com a popula\u00e7\u00e3o da aldeia Brejo Mata Fome, que vive em S\u00e3o Jo\u00e3o das Miss\u00f5es, regi\u00e3o Norte. O cacique Domingos Xakriab\u00e1 foi o primeiro ind\u00edgena a ser vacinado no estado.<\/p>\n<p><span style=\"font-weight: 400;\">Fonte: Ag\u00eancia Minas<\/span><\/p>\n","protected":false},"excerpt":{"rendered":"<p>Mais de 91% da popula\u00e7\u00e3o ind\u00edgena com mais de 18 anos que vive em Minas Gerais j\u00e1 foi imunizada com as duas doses da vacina contra a covid-19. Ao todo, 6.871 ind\u00edgenas de 85 comunidades, espalhadas em 19 munic\u00edpios mineiros, tomaram as duas doses do imunizante. Os dados, apurados nesta segunda-feira (17\/5), constam no painel [&hellip;]<\/p>\n","protected":false},"author":246,"featured_media":182549,"comment_status":"closed","ping_status":"closed","sticky":false,"template":"","format":"standard","meta":{"footnotes":""},"categories":[436,254,439],"tags":[],"class_list":["post-182512","post","type-post","status-publish","format-standard","has-post-thumbnail","hentry","category-destaque-da-semana","category-politica","category-ultima-hora"],"_links":{"self":[{"href":"https:\/\/diarioregionaldigital.com.br\/index.php?rest_route=\/wp\/v2\/posts\/182512","targetHints":{"allow":["GET"]}}],"collection":[{"href":"https:\/\/diarioregionaldigital.com.br\/index.php?rest_route=\/wp\/v2\/posts"}],"about":[{"href":"https:\/\/diarioregionaldigital.com.br\/index.php?rest_route=\/wp\/v2\/types\/post"}],"author":[{"embeddable":true,"href":"https:\/\/diarioregionaldigital.com.br\/index.php?rest_route=\/wp\/v2\/users\/246"}],"replies":[{"embeddable":true,"href":"https:\/\/diarioregionaldigital.com.br\/index.php?rest_route=%2Fwp%2Fv2%2Fcomments&post=182512"}],"version-history":[{"count":1,"href":"https:\/\/diarioregionaldigital.com.br\/index.php?rest_route=\/wp\/v2\/posts\/182512\/revisions"}],"predecessor-version":[{"id":182514,"href":"https:\/\/diarioregionaldigital.com.br\/index.php?rest_route=\/wp\/v2\/posts\/182512\/revisions\/182514"}],"wp:featuredmedia":[{"embeddable":true,"href":"https:\/\/diarioregionaldigital.com.br\/index.php?rest_route=\/wp\/v2\/media\/182549"}],"wp:attachment":[{"href":"https:\/\/diarioregionaldigital.com.br\/index.php?rest_route=%2Fwp%2Fv2%2Fmedia&parent=182512"}],"wp:term":[{"taxonomy":"category","embeddable":true,"href":"https:\/\/diarioregionaldigital.com.br\/index.php?rest_route=%2Fwp%2Fv2%2Fcategories&post=182512"},{"taxonomy":"post_tag","embeddable":true,"href":"https:\/\/diarioregionaldigital.com.br\/index.php?rest_route=%2Fwp%2Fv2%2Ftags&post=182512"}],"curies":[{"name":"wp","href":"https:\/\/api.w.org\/{rel}","templated":true}]}}