{"id":182509,"date":"2021-05-17T18:20:35","date_gmt":"2021-05-17T21:20:35","guid":{"rendered":"https:\/\/diarioregionaldigital.com.br\/?p=182509"},"modified":"2021-05-17T18:20:35","modified_gmt":"2021-05-17T21:20:35","slug":"governador-participa-de-cerimonia-de-doacao-de-300-fuzis-a-policia-militar","status":"publish","type":"post","link":"https:\/\/diarioregionaldigital.com.br\/?p=182509","title":{"rendered":"Governador participa de cerim\u00f4nia de doa\u00e7\u00e3o de 300 fuzis \u00e0 Pol\u00edcia Militar"},"content":{"rendered":"<p>O governador Romeu Zema participou, nesta segunda-feira (17\/5), na 4\u00aa Regi\u00e3o Militar, em Belo Horizonte, da cerim\u00f4nia de doa\u00e7\u00e3o do Ex\u00e9rcito Brasileiro de 300 Fuzis Autom\u00e1ticos Leves (FAL) para a\u00a0<a href=\"http:\/\/policiamilitar.mg.gov.br\/\" target=\"_blank\" rel=\"noopener\">Pol\u00edcia Militar de Minas Gerais (PMMG)<\/a>.<\/p>\n<p>Os armamentos de calibre 7,62mm ser\u00e3o utilizados no Projeto Divisa Segura, aumentando o poder de combate da pol\u00edcia na preven\u00e7\u00e3o e repress\u00e3o \u00e0 interioriza\u00e7\u00e3o dos crimes no estado. \u00c9 um projeto para fiscaliza\u00e7\u00e3o, monitoramento e a\u00e7\u00f5es de seguran\u00e7a p\u00fablica e opera\u00e7\u00e3o vi\u00e1ria.<\/p>\n<p>Durante a cerim\u00f4nia, Zema destacou que o trabalho integrado das For\u00e7as de Seguran\u00e7a passou a funcionar como uma barreira ao crime organizado. \u201cGostaria de agradecer \u00e0s pol\u00edcias Militar,\u00a0<a href=\"http:\/\/policiacivil.mg.gov.br\/\" target=\"_blank\" rel=\"noopener\">Civil<\/a>\u00a0e aos sistemas Prisional e Socioeducativo, que n\u00e3o medem esfor\u00e7os para diminui\u00e7\u00e3o dos \u00edndices de criminalidade\u201d, parabenizou.<\/p>\n<p>De acordo com levantamento da\u00a0<a href=\"http:\/\/seguranca.mg.gov.br\/\" target=\"_blank\" rel=\"noopener\">Secretaria de Estado de Justi\u00e7a e Seguran\u00e7a P\u00fablica (Sejusp)<\/a>, em 2019 houve a ocorr\u00eancia de 32.246 crimes violentos no interior do estado, contra 21.918 em 2020, o que representa queda de 32%. J\u00e1 em rela\u00e7\u00e3o ao primeiro trimestre deste ano, o registro foi de 4.904 ante 7.382 de janeiro a mar\u00e7o do exerc\u00edcio passado, uma retra\u00e7\u00e3o de 33,56%.<\/p>\n<p><strong>Prote\u00e7\u00e3o<\/strong><\/p>\n<p>Ao se dirigir ao comandante da 4\u00aa Regi\u00e3o Militar, general Jorge Antonio Smicelato, o governador agradeceu a parceria com o Ex\u00e9rcito e afirmou que os armamentos contribuir\u00e3o para combater os crimes nas divisas. \u201cEssa doa\u00e7\u00e3o ser\u00e1 empregada da melhor forma poss\u00edvel para proteger os mineiros\u201d, disse.<\/p>\n<p>O Estado desenvolve duas opera\u00e7\u00f5es com foco em \u00e1reas de divisas nas estradas: a Divisas Integradas e a Caminho de Minas. Elas s\u00e3o realizadas desde julho de 2020 e, juntas, j\u00e1 realizaram 729 pris\u00f5es, apreenderam mais de 3 toneladas de drogas, 72 armas de fogo, recuperaram 24 ve\u00edculos roubados e capturaram 12 foragidos da Justi\u00e7a.<\/p>\n<p><strong>Confian\u00e7a e respeito<\/strong><\/p>\n<p>O general Jorge Antonio Smicelato explicou que a escolha da Pol\u00edcia Militar se deve \u00e0 confian\u00e7a e ao respeito que o Brasil tem na institui\u00e7\u00e3o e no trabalho que o governador Zema est\u00e1 desenvolvendo \u00e0 frente do\u00a0<a href=\"http:\/\/mg.gov.br\/\" target=\"_blank\" rel=\"noopener\">Governo de Minas<\/a>. \u201cO \u00eaxito da Pol\u00edcia Militar em Minas Gerais \u00e9 o \u00eaxito de todos os brasileiros, naturais ou n\u00e3o, que residem neste territ\u00f3rio\u201d, afirmou.<\/p>\n<p>Ainda durante a solenidade, o general do Ex\u00e9rcito entregou ao governador a Medalha da Ordem do M\u00e9rito Militar, homenagem voltada para\u00a0militares, civis e institui\u00e7\u00f5es, nacionais ou estrangeiros, que tenham prestado servi\u00e7os relevantes ao pa\u00eds.<\/p>\n<p><span style=\"font-weight: 400;\">Fonte: Ag\u00eancia Minas<\/span><\/p>\n","protected":false},"excerpt":{"rendered":"<p>O governador Romeu Zema participou, nesta segunda-feira (17\/5), na 4\u00aa Regi\u00e3o Militar, em Belo Horizonte, da cerim\u00f4nia de doa\u00e7\u00e3o do Ex\u00e9rcito Brasileiro de 300 Fuzis Autom\u00e1ticos Leves (FAL) para a\u00a0Pol\u00edcia Militar de Minas Gerais (PMMG). Os armamentos de calibre 7,62mm ser\u00e3o utilizados no Projeto Divisa Segura, aumentando o poder de combate da pol\u00edcia na preven\u00e7\u00e3o [&hellip;]<\/p>\n","protected":false},"author":246,"featured_media":182510,"comment_status":"closed","ping_status":"closed","sticky":false,"template":"","format":"standard","meta":{"footnotes":""},"categories":[436,440,254,439],"tags":[],"class_list":["post-182509","post","type-post","status-publish","format-standard","has-post-thumbnail","hentry","category-destaque-da-semana","category-destaques-do-dia","category-politica","category-ultima-hora"],"_links":{"self":[{"href":"https:\/\/diarioregionaldigital.com.br\/index.php?rest_route=\/wp\/v2\/posts\/182509","targetHints":{"allow":["GET"]}}],"collection":[{"href":"https:\/\/diarioregionaldigital.com.br\/index.php?rest_route=\/wp\/v2\/posts"}],"about":[{"href":"https:\/\/diarioregionaldigital.com.br\/index.php?rest_route=\/wp\/v2\/types\/post"}],"author":[{"embeddable":true,"href":"https:\/\/diarioregionaldigital.com.br\/index.php?rest_route=\/wp\/v2\/users\/246"}],"replies":[{"embeddable":true,"href":"https:\/\/diarioregionaldigital.com.br\/index.php?rest_route=%2Fwp%2Fv2%2Fcomments&post=182509"}],"version-history":[{"count":1,"href":"https:\/\/diarioregionaldigital.com.br\/index.php?rest_route=\/wp\/v2\/posts\/182509\/revisions"}],"predecessor-version":[{"id":182511,"href":"https:\/\/diarioregionaldigital.com.br\/index.php?rest_route=\/wp\/v2\/posts\/182509\/revisions\/182511"}],"wp:featuredmedia":[{"embeddable":true,"href":"https:\/\/diarioregionaldigital.com.br\/index.php?rest_route=\/wp\/v2\/media\/182510"}],"wp:attachment":[{"href":"https:\/\/diarioregionaldigital.com.br\/index.php?rest_route=%2Fwp%2Fv2%2Fmedia&parent=182509"}],"wp:term":[{"taxonomy":"category","embeddable":true,"href":"https:\/\/diarioregionaldigital.com.br\/index.php?rest_route=%2Fwp%2Fv2%2Fcategories&post=182509"},{"taxonomy":"post_tag","embeddable":true,"href":"https:\/\/diarioregionaldigital.com.br\/index.php?rest_route=%2Fwp%2Fv2%2Ftags&post=182509"}],"curies":[{"name":"wp","href":"https:\/\/api.w.org\/{rel}","templated":true}]}}