{"id":182506,"date":"2021-05-17T18:11:08","date_gmt":"2021-05-17T21:11:08","guid":{"rendered":"https:\/\/diarioregionaldigital.com.br\/?p=182506"},"modified":"2021-05-17T18:11:08","modified_gmt":"2021-05-17T21:11:08","slug":"inflacao-pelo-igp-10-sobe-de-158-em-abril-para-324-em-maio","status":"publish","type":"post","link":"https:\/\/diarioregionaldigital.com.br\/?p=182506","title":{"rendered":"Infla\u00e7\u00e3o pelo IGP-10 sobe de 1,58% em abril para 3,24% em maio"},"content":{"rendered":"<p>O \u00cdndice Geral de Pre\u00e7os\u201310 (IGP-10), indicador nacional calculado pela Funda\u00e7\u00e3o Getulio Vargas (FGV), teve alta de 3,24% em maio deste ano, acima do 1,58% de abril. Com o resultado de maio, o \u00edndice acumula infla\u00e7\u00e3o de 12,7% no ano e de 35,91% em 12 meses.<img decoding=\"async\" src=\"https:\/\/agenciabrasil.ebc.com.br\/ebc.png?id=1409898&amp;o=node\" \/><img decoding=\"async\" src=\"https:\/\/agenciabrasil.ebc.com.br\/ebc.gif?id=1409898&amp;o=node\" \/><\/p>\n<p>A alta de abril para maio foi puxada pelos pre\u00e7os no atacado, medido pelo \u00cdndice de Pre\u00e7os ao Produtor Amplo (IPA), cuja infla\u00e7\u00e3o subiu de 1,79% para 4,2% em maio.<\/p>\n<p>Os pre\u00e7os no varejo e na constru\u00e7\u00e3o apresentaram infla\u00e7\u00e3o mais moderada em maio em rela\u00e7\u00e3o a abril. O \u00cdndice de Pre\u00e7os ao Consumidor (IPC), que mede o varejo, caiu de 0,87% em abril para 0,35% em maio.<\/p>\n<p>J\u00e1 o \u00cdndice Nacional de Custo da Constru\u00e7\u00e3o recuou de 1,24% para 1,02% no per\u00edodo.<br \/>\n<span style=\"font-weight: 400;\"><br \/>\n<\/span><span style=\"font-weight: 400;\">Fonte: Ag\u00eancia Brasil<\/span><\/p>\n","protected":false},"excerpt":{"rendered":"<p>O \u00cdndice Geral de Pre\u00e7os\u201310 (IGP-10), indicador nacional calculado pela Funda\u00e7\u00e3o Getulio Vargas (FGV), teve alta de 3,24% em maio deste ano, acima do 1,58% de abril. Com o resultado de maio, o \u00edndice acumula infla\u00e7\u00e3o de 12,7% no ano e de 35,91% em 12 meses. A alta de abril para maio foi puxada pelos [&hellip;]<\/p>\n","protected":false},"author":246,"featured_media":182507,"comment_status":"closed","ping_status":"closed","sticky":false,"template":"","format":"standard","meta":{"footnotes":""},"categories":[436,440,261,439],"tags":[],"class_list":["post-182506","post","type-post","status-publish","format-standard","has-post-thumbnail","hentry","category-destaque-da-semana","category-destaques-do-dia","category-economia","category-ultima-hora"],"_links":{"self":[{"href":"https:\/\/diarioregionaldigital.com.br\/index.php?rest_route=\/wp\/v2\/posts\/182506","targetHints":{"allow":["GET"]}}],"collection":[{"href":"https:\/\/diarioregionaldigital.com.br\/index.php?rest_route=\/wp\/v2\/posts"}],"about":[{"href":"https:\/\/diarioregionaldigital.com.br\/index.php?rest_route=\/wp\/v2\/types\/post"}],"author":[{"embeddable":true,"href":"https:\/\/diarioregionaldigital.com.br\/index.php?rest_route=\/wp\/v2\/users\/246"}],"replies":[{"embeddable":true,"href":"https:\/\/diarioregionaldigital.com.br\/index.php?rest_route=%2Fwp%2Fv2%2Fcomments&post=182506"}],"version-history":[{"count":1,"href":"https:\/\/diarioregionaldigital.com.br\/index.php?rest_route=\/wp\/v2\/posts\/182506\/revisions"}],"predecessor-version":[{"id":182508,"href":"https:\/\/diarioregionaldigital.com.br\/index.php?rest_route=\/wp\/v2\/posts\/182506\/revisions\/182508"}],"wp:featuredmedia":[{"embeddable":true,"href":"https:\/\/diarioregionaldigital.com.br\/index.php?rest_route=\/wp\/v2\/media\/182507"}],"wp:attachment":[{"href":"https:\/\/diarioregionaldigital.com.br\/index.php?rest_route=%2Fwp%2Fv2%2Fmedia&parent=182506"}],"wp:term":[{"taxonomy":"category","embeddable":true,"href":"https:\/\/diarioregionaldigital.com.br\/index.php?rest_route=%2Fwp%2Fv2%2Fcategories&post=182506"},{"taxonomy":"post_tag","embeddable":true,"href":"https:\/\/diarioregionaldigital.com.br\/index.php?rest_route=%2Fwp%2Fv2%2Ftags&post=182506"}],"curies":[{"name":"wp","href":"https:\/\/api.w.org\/{rel}","templated":true}]}}