{"id":182502,"date":"2021-05-17T18:07:40","date_gmt":"2021-05-17T21:07:40","guid":{"rendered":"https:\/\/diarioregionaldigital.com.br\/?p=182502"},"modified":"2021-05-17T18:07:40","modified_gmt":"2021-05-17T21:07:40","slug":"mercado-financeiro-aumenta-previsao-de-crescimento-da-economia","status":"publish","type":"post","link":"https:\/\/diarioregionaldigital.com.br\/?p=182502","title":{"rendered":"Mercado financeiro aumenta previs\u00e3o de crescimento da economia"},"content":{"rendered":"<p>As institui\u00e7\u00f5es financeiras consultadas pelo Banco Central (BC) elevaram a proje\u00e7\u00e3o para o crescimento da economia brasileira este ano de 3,21% para 3,45%.<\/p>\n<p>Para o pr\u00f3ximo ano, a expectativa para Produto Interno Bruto (PIB) &#8211; a soma de todos os bens e servi\u00e7os produzidos no pa\u00eds &#8211; \u00e9 de crescimento de 2,38%, ante a previs\u00e3o da semana passada de 2,33%. Em 2023 e 2024, o mercado financeiro projeta expans\u00e3o do PIB em 2,5%.<\/p>\n<p>As estimativas est\u00e3o no boletim Focus de hoje (17), pesquisa divulgada semanalmente pelo BC, com a proje\u00e7\u00e3o para os principais indicadores econ\u00f4micos.<\/p>\n<p><strong>Infla\u00e7\u00e3o<br \/>\n<\/strong><br \/>\nA previs\u00e3o do mercado financeiro para o \u00cdndice Nacional de Pre\u00e7os ao Consumidor Amplo (IPCA) deste ano subiu de 5,06% para 5,15%.<\/p>\n<p>Para 2022, a estimativa de infla\u00e7\u00e3o passou de 3,61% para 3,64%. Tanto para 2023 como para 2024 a previs\u00e3o para o \u00edndice \u00e9 de 3,25%.<\/p>\n<p>A estimativa para 2021 est\u00e1 pr\u00f3xima do limite superior da meta de infla\u00e7\u00e3o que deve ser perseguida pelo BC. O centro da meta, definida pelo Conselho Monet\u00e1rio Nacional, \u00e9 de 3,75%, com intervalo de toler\u00e2ncia de 1,5 ponto percentual para cima ou para baixo. Ou seja, o limite inferior \u00e9 de 2,25% e o superior de 5,25%.<\/p>\n<p><strong>Taxa de juros<br \/>\n<\/strong><br \/>\nPara alcan\u00e7ar a meta de infla\u00e7\u00e3o, o Banco Central usa como principal instrumento a taxa b\u00e1sica de juros, a Selic, fixada atualmente em 3,5% ao ano pelo Comit\u00ea de Pol\u00edtica Monet\u00e1ria (Copom).<\/p>\n<p>Para o mercado financeiro, a expectativa \u00e9 de que a Selic encerre 2021 em 5,5% ao ano. Para o fim de 2022, a estimativa \u00e9 de que a taxa b\u00e1sica suba para 6,5% ao ano. Na semana passada, a expectativa era 6,25% ao ano. E para o fim de 2023 e 2024, a previs\u00e3o permanece em 6,5% ao ano.<\/p>\n<p><strong>C\u00e2mbio<br \/>\n<\/strong><br \/>\nA expectativa para a cota\u00e7\u00e3o do d\u00f3lar caiu de R$ 5,35 para R$ 5,30 ao final deste ano. Para o fim de 2022, a previs\u00e3o \u00e9 de que a moeda americana fique em R$ 5,35. A previs\u00e3o anterior era R$ 5,40.<\/p>\n<p><span style=\"font-weight: 400;\">Fonte: Ag\u00eancia Brasil <\/span><\/p>\n","protected":false},"excerpt":{"rendered":"<p>As institui\u00e7\u00f5es financeiras consultadas pelo Banco Central (BC) elevaram a proje\u00e7\u00e3o para o crescimento da economia brasileira este ano de 3,21% para 3,45%. Para o pr\u00f3ximo ano, a expectativa para Produto Interno Bruto (PIB) &#8211; a soma de todos os bens e servi\u00e7os produzidos no pa\u00eds &#8211; \u00e9 de crescimento de 2,38%, ante a previs\u00e3o [&hellip;]<\/p>\n","protected":false},"author":246,"featured_media":182503,"comment_status":"closed","ping_status":"closed","sticky":false,"template":"","format":"standard","meta":{"footnotes":""},"categories":[436,440,261,439],"tags":[],"class_list":["post-182502","post","type-post","status-publish","format-standard","has-post-thumbnail","hentry","category-destaque-da-semana","category-destaques-do-dia","category-economia","category-ultima-hora"],"_links":{"self":[{"href":"https:\/\/diarioregionaldigital.com.br\/index.php?rest_route=\/wp\/v2\/posts\/182502","targetHints":{"allow":["GET"]}}],"collection":[{"href":"https:\/\/diarioregionaldigital.com.br\/index.php?rest_route=\/wp\/v2\/posts"}],"about":[{"href":"https:\/\/diarioregionaldigital.com.br\/index.php?rest_route=\/wp\/v2\/types\/post"}],"author":[{"embeddable":true,"href":"https:\/\/diarioregionaldigital.com.br\/index.php?rest_route=\/wp\/v2\/users\/246"}],"replies":[{"embeddable":true,"href":"https:\/\/diarioregionaldigital.com.br\/index.php?rest_route=%2Fwp%2Fv2%2Fcomments&post=182502"}],"version-history":[{"count":2,"href":"https:\/\/diarioregionaldigital.com.br\/index.php?rest_route=\/wp\/v2\/posts\/182502\/revisions"}],"predecessor-version":[{"id":182505,"href":"https:\/\/diarioregionaldigital.com.br\/index.php?rest_route=\/wp\/v2\/posts\/182502\/revisions\/182505"}],"wp:featuredmedia":[{"embeddable":true,"href":"https:\/\/diarioregionaldigital.com.br\/index.php?rest_route=\/wp\/v2\/media\/182503"}],"wp:attachment":[{"href":"https:\/\/diarioregionaldigital.com.br\/index.php?rest_route=%2Fwp%2Fv2%2Fmedia&parent=182502"}],"wp:term":[{"taxonomy":"category","embeddable":true,"href":"https:\/\/diarioregionaldigital.com.br\/index.php?rest_route=%2Fwp%2Fv2%2Fcategories&post=182502"},{"taxonomy":"post_tag","embeddable":true,"href":"https:\/\/diarioregionaldigital.com.br\/index.php?rest_route=%2Fwp%2Fv2%2Ftags&post=182502"}],"curies":[{"name":"wp","href":"https:\/\/api.w.org\/{rel}","templated":true}]}}