{"id":182459,"date":"2021-05-14T18:09:51","date_gmt":"2021-05-14T21:09:51","guid":{"rendered":"https:\/\/diarioregionaldigital.com.br\/?p=182459"},"modified":"2021-05-14T18:09:51","modified_gmt":"2021-05-14T21:09:51","slug":"toquio-2020-atletas-olimpicos-e-paralimpicos-comecam-a-ser-vacinados","status":"publish","type":"post","link":"https:\/\/diarioregionaldigital.com.br\/?p=182459","title":{"rendered":"T\u00f3quio 2020: atletas ol\u00edmpicos e paral\u00edmpicos come\u00e7am a ser vacinados"},"content":{"rendered":"<p>Teve in\u00edcio nesta sexta-feira (14) a vacina\u00e7\u00e3o dos atletas brasileiros que participar\u00e3o dos Jogos Ol\u00edmpicos e Paral\u00edmpicos de T\u00f3quio (Jap\u00e3o).\u00a0 O primeiro a receber a vacina foi o tetracampe\u00e3o paral\u00eempico Ant\u00f4nio Ten\u00f3rio, de 50 anos, em S\u00e3o Paulo. E Ana Marcela Cunha, campe\u00e3 mundial de maratona aqu\u00e1tica, foi a primeira a ser imunizada no Rio de Janeiro, pelo pr\u00f3prio ministro da Sa\u00fade Marcelo Queiroga.<img decoding=\"async\" src=\"https:\/\/agenciabrasil.ebc.com.br\/ebc.png?id=1409696&amp;o=node\" \/><img decoding=\"async\" src=\"https:\/\/agenciabrasil.ebc.com.br\/ebc.gif?id=1409696&amp;o=node\" \/><\/p>\n<p>A vacina\u00e7\u00e3o ocorre tamb\u00e9m em Bras\u00edlia, Fortaleza, Porto Alegre e Belo Horizonte. Ao todo 1814 pessoas ser\u00e3o imunizadas, com doses doadas pelo Comit\u00ea Ol\u00edmpico Internacional (COI): 4050 da farmac\u00eautica norte-americana Pfizer e outras oito mil da chinesa Sinovac, fabricante da CoronaVac. At\u00e9 que as vacinas doadas pelo COI cheguem ao Brasil, os atletas s\u00e3o imunizados com as doses do Plano Nacional de Imuniza\u00e7\u00e3o (PNI). A entidade tamb\u00e9m assegurou doses suficientes para mais dois brasileiros n\u00e3o-atletas a cada membro da delega\u00e7\u00e3o brasileira vacinado.<\/p>\n<p>&#8220;Essa cerim\u00f4nia se iniciou com a execu\u00e7\u00e3o do hino nacional e queremos ouvir o hino nacional v\u00e1rias vezes na Olimp\u00edada de T\u00f3quio, torcendo por voc\u00eas, para que tragam medalhas para o povo brasileiro. O esporte, especialmente as Olimp\u00edadas, \u00e9 um momento de uni\u00e3o mundial. \u00c9 uma competi\u00e7\u00e3o, mas uma competi\u00e7\u00e3o movida por esp\u00edrito altru\u00edsta e vivemos um momento na sa\u00fade p\u00fablica \u00a0mundial de grande gravidade\u201d, disse o ministro Queiroga durante o evento de vacina\u00e7\u00e3o na\u00a0Escola de Capacita\u00e7\u00e3o F\u00edsica do Ex\u00e9rcito, na Urca, zona Sul da capital.<\/p>\n<p>Ap\u00f3s receber a primeira dose, aplicada pelo ministro Queiroga, a multicampe\u00e3 Ana Marcela Cunha apoiou a iniciativa.<\/p>\n<p>&#8220;Ser\u00e3o mais de 1800 {pessoas] da delega\u00e7\u00e3o brasileira vacinados. E al\u00e9m de tudo isso, a cada uma dose que n\u00f3s estamos sendo vacinados, duas doses s\u00e3o doadas atrav\u00e9s do SUS. Ent\u00e3o, de certa forma, o esporte est\u00e1 contribuindo muito para o Brasil, para sa\u00fade do Brasil\u2019, disse a atleta cinco vezes campe\u00e3 mundial de maratonas aqu\u00e1ticas.<\/p>\n<p>Assim como o Brasil, v\u00e1rios pa\u00edses j\u00e1 deram a largada na imuniza\u00e7\u00e3o de atletas: Alemanha, Austr\u00e1lia, B\u00e9lgica, Canad\u00e1, China, Coreia do Sul, Dinamarca, Espanha, Estados Unidos, Holanda, Hungria, Gr\u00e3-Bretanha, Israel, Litu\u00e2nia, M\u00e9xico e Nova Zel\u00e2ndia, entre outros, j\u00e1 iniciaram a imuniza\u00e7\u00e3o de suas delega\u00e7\u00f5es. A abertura da Olimp\u00edada de T\u00f3quio ser\u00e1 em 23 de julho, e a dos Jogos Paral\u00edmpicos em 24 de agosto.<\/p>\n<p>Tamb\u00e9m se vacinaram hoje (14) no Rio, o arqueiro Marcus Almeida, a nadadora Larissa de Oliveira &#8211; que ainda busca classifica\u00e7\u00e3o a T\u00f3quio -, os paral\u00edmpicos Caio Ribeiro (paracanoagem) e Michel Pessanha (remador), e Rosangela Santos, medalhista de bronze (2008) no atletismo, nos Jogos de Pequim (China).<\/p>\n<p>&#8220;O esporte est\u00e1 ligado \u00e0 sa\u00fade, \u00e0 educa\u00e7\u00e3o. Ent\u00e3o acho que n\u00f3s somos uma imagem para o povo tamb\u00e9m. Ent\u00e3o \u00e9 muito gratificante saber que tudo isso de doa\u00e7\u00f5es s\u00f3 est\u00e1 acontecendo tamb\u00e9m pelo esporte&#8221;, afirmou Ros\u00e2ngela que ainda briga por uma vaga ol\u00edmpica, pela classifica\u00e7\u00e3o no ranking mundial.<\/p>\n<p>Al\u00e9m do ministro Queiroga, da Sa\u00fade, tamb\u00e9m estiveram presente no evento o Secret\u00e1rio do Esporte do Minist\u00e9rio da Cidadania, Marcelo Magalh\u00e3es; o Diretor do Departamento de Desporto Militar do Minist\u00e9rio da Defesa, Major-Brigadeiro Isaias Carvalho; o Secret\u00e1rio Nacional de Esporte de Alto Rendimento, Bruno Souza; e o Presidente do Comit\u00ea Ol\u00edmpico do Brasil (COB) Paulo Wanderley Teixeira.<\/p>\n<p><strong>S\u00e3o Paulo<br \/>\n<\/strong><br \/>\nEmocionado, o tetracampe\u00e3o Ant\u00f4nio Ten\u00f3rio recebeu a primeira dose no Centro de Treinamento Paral\u00edmpico (CTP), na capital paulista. Em mar\u00e7o, o judoca teve um quadro grave de covid-19, permanecendo 18 dias hospitalizado.<\/p>\n<p>\u201c\u00c9 um momento \u00edmpar para n\u00f3s, passamos por momentos dif\u00edceis. Depois de 18 dias de interna\u00e7\u00e3o, ent\u00e3o para mim \u00e9 muito gratificante esse momento de ser o primeiro atleta paral\u00edmpico a ser vacinado\u201d, comentou Ant\u00f4nio Ten\u00f3rio, ap\u00f3s receber a primeira dose da vacina da Pfizer, momento especial que foi publicado no Twitter pelo presidente do Comit\u00ea Paral\u00edmpico Brasileiro (CPB) Mizael Conrado.<\/p>\n<p><span style=\"font-weight: 400;\"><br \/>\n<\/span><span style=\"font-weight: 400;\">Fonte: Ag\u00eancia Brasil<\/span><\/p>\n","protected":false},"excerpt":{"rendered":"<p>Teve in\u00edcio nesta sexta-feira (14) a vacina\u00e7\u00e3o dos atletas brasileiros que participar\u00e3o dos Jogos Ol\u00edmpicos e Paral\u00edmpicos de T\u00f3quio (Jap\u00e3o).\u00a0 O primeiro a receber a vacina foi o tetracampe\u00e3o paral\u00eempico Ant\u00f4nio Ten\u00f3rio, de 50 anos, em S\u00e3o Paulo. E Ana Marcela Cunha, campe\u00e3 mundial de maratona aqu\u00e1tica, foi a primeira a ser imunizada no Rio [&hellip;]<\/p>\n","protected":false},"author":246,"featured_media":182460,"comment_status":"closed","ping_status":"closed","sticky":false,"template":"","format":"standard","meta":{"footnotes":""},"categories":[436,257,439],"tags":[],"class_list":["post-182459","post","type-post","status-publish","format-standard","has-post-thumbnail","hentry","category-destaque-da-semana","category-esporte","category-ultima-hora"],"_links":{"self":[{"href":"https:\/\/diarioregionaldigital.com.br\/index.php?rest_route=\/wp\/v2\/posts\/182459","targetHints":{"allow":["GET"]}}],"collection":[{"href":"https:\/\/diarioregionaldigital.com.br\/index.php?rest_route=\/wp\/v2\/posts"}],"about":[{"href":"https:\/\/diarioregionaldigital.com.br\/index.php?rest_route=\/wp\/v2\/types\/post"}],"author":[{"embeddable":true,"href":"https:\/\/diarioregionaldigital.com.br\/index.php?rest_route=\/wp\/v2\/users\/246"}],"replies":[{"embeddable":true,"href":"https:\/\/diarioregionaldigital.com.br\/index.php?rest_route=%2Fwp%2Fv2%2Fcomments&post=182459"}],"version-history":[{"count":2,"href":"https:\/\/diarioregionaldigital.com.br\/index.php?rest_route=\/wp\/v2\/posts\/182459\/revisions"}],"predecessor-version":[{"id":182462,"href":"https:\/\/diarioregionaldigital.com.br\/index.php?rest_route=\/wp\/v2\/posts\/182459\/revisions\/182462"}],"wp:featuredmedia":[{"embeddable":true,"href":"https:\/\/diarioregionaldigital.com.br\/index.php?rest_route=\/wp\/v2\/media\/182460"}],"wp:attachment":[{"href":"https:\/\/diarioregionaldigital.com.br\/index.php?rest_route=%2Fwp%2Fv2%2Fmedia&parent=182459"}],"wp:term":[{"taxonomy":"category","embeddable":true,"href":"https:\/\/diarioregionaldigital.com.br\/index.php?rest_route=%2Fwp%2Fv2%2Fcategories&post=182459"},{"taxonomy":"post_tag","embeddable":true,"href":"https:\/\/diarioregionaldigital.com.br\/index.php?rest_route=%2Fwp%2Fv2%2Ftags&post=182459"}],"curies":[{"name":"wp","href":"https:\/\/api.w.org\/{rel}","templated":true}]}}