{"id":182456,"date":"2021-05-14T18:06:04","date_gmt":"2021-05-14T21:06:04","guid":{"rendered":"https:\/\/diarioregionaldigital.com.br\/?p=182456"},"modified":"2021-05-14T18:06:04","modified_gmt":"2021-05-14T21:06:04","slug":"japao-amplia-estado-de-emergencia-contra-covid-19-a-mais-3-municipios","status":"publish","type":"post","link":"https:\/\/diarioregionaldigital.com.br\/?p=182456","title":{"rendered":"Jap\u00e3o amplia estado de emerg\u00eancia contra covid-19 a mais 3 munic\u00edpios"},"content":{"rendered":"<p>O Jap\u00e3o declarou estado de emerg\u00eancia em mais tr\u00eas munic\u00edpios atingidos duramente pela pandemia de covid-19, informou o pa\u00eds nesta sexta-feira (14), uma medida surpreendente que reflete a preocupa\u00e7\u00e3o crescente com a dissemina\u00e7\u00e3o do novo coronav\u00edrus.<\/p>\n<p>A declara\u00e7\u00e3o mais recente chega no momento em que o Jap\u00e3o enfrenta uma linhagem mais infecciosa do v\u00edrus a 10 semanas da Olimp\u00edada de T\u00f3quio, agendada para come\u00e7ar em 23 de julho.<\/p>\n<p>No domingo (16), as cidades de Hokkaido, Okayama e Hiroshima se juntam a T\u00f3quio, Osaka e quatro outros munic\u00edpios em estado de emerg\u00eancia at\u00e9 31 de maio, disse o ministro da Economia, Yasutoshi Nishimura, tamb\u00e9m a cargo das provid\u00eancias de combate ao v\u00edrus.<\/p>\n<p>De olho na economia, o governo havia proposto originalmente uma declara\u00e7\u00e3o de &#8220;quase-emerg\u00eancia&#8221; mais espec\u00edfica para cinco munic\u00edpios adicionais.<\/p>\n<p>&#8220;Especialistas nos disseram que uma mensagem forte tinha que ser enviada ao p\u00fablico, dada a situa\u00e7\u00e3o cr\u00edtica com as linhagens mutantes&#8221;, disse Nishimura ao Parlamento ao explicar a decis\u00e3o.<\/p>\n<p>As medidas menos rigorosas ser\u00e3o ampliadas a tr\u00eas munic\u00edpios, como planejado. As a\u00e7\u00f5es mais recentes sujeitam 19 dos 47 munic\u00edpios japoneses, que abrigam cerca de 70% da popula\u00e7\u00e3o, a restri\u00e7\u00f5es, como o hor\u00e1rio das 20h para o fechamento de locais de alimenta\u00e7\u00e3o e uma proibi\u00e7\u00e3o de consumo de \u00e1lcool na maioria dos bares e restaurantes.<\/p>\n<p>O Instituto de Pesquisa da Vida Dai-ichi estimou que o estado de emerg\u00eancia em nove munic\u00edpios pode tirar o equivalente a US$ 9,1 bilh\u00f5es (cerca de R$ 48 bilh\u00f5es) do Produto Interno Bruto (PIB) e eliminar 57 mil empregos nos pr\u00f3ximos meses.<span style=\"font-weight: 400;\"><br \/>\n<\/span><span style=\"font-weight: 400;\"><br \/>\n<\/span><span style=\"font-weight: 400;\">Fonte: Ag\u00eancia Brasil<\/span><\/p>\n","protected":false},"excerpt":{"rendered":"<p>O Jap\u00e3o declarou estado de emerg\u00eancia em mais tr\u00eas munic\u00edpios atingidos duramente pela pandemia de covid-19, informou o pa\u00eds nesta sexta-feira (14), uma medida surpreendente que reflete a preocupa\u00e7\u00e3o crescente com a dissemina\u00e7\u00e3o do novo coronav\u00edrus. A declara\u00e7\u00e3o mais recente chega no momento em que o Jap\u00e3o enfrenta uma linhagem mais infecciosa do v\u00edrus a [&hellip;]<\/p>\n","protected":false},"author":246,"featured_media":182457,"comment_status":"closed","ping_status":"closed","sticky":false,"template":"","format":"standard","meta":{"footnotes":""},"categories":[436,257,439],"tags":[],"class_list":["post-182456","post","type-post","status-publish","format-standard","has-post-thumbnail","hentry","category-destaque-da-semana","category-esporte","category-ultima-hora"],"_links":{"self":[{"href":"https:\/\/diarioregionaldigital.com.br\/index.php?rest_route=\/wp\/v2\/posts\/182456","targetHints":{"allow":["GET"]}}],"collection":[{"href":"https:\/\/diarioregionaldigital.com.br\/index.php?rest_route=\/wp\/v2\/posts"}],"about":[{"href":"https:\/\/diarioregionaldigital.com.br\/index.php?rest_route=\/wp\/v2\/types\/post"}],"author":[{"embeddable":true,"href":"https:\/\/diarioregionaldigital.com.br\/index.php?rest_route=\/wp\/v2\/users\/246"}],"replies":[{"embeddable":true,"href":"https:\/\/diarioregionaldigital.com.br\/index.php?rest_route=%2Fwp%2Fv2%2Fcomments&post=182456"}],"version-history":[{"count":1,"href":"https:\/\/diarioregionaldigital.com.br\/index.php?rest_route=\/wp\/v2\/posts\/182456\/revisions"}],"predecessor-version":[{"id":182458,"href":"https:\/\/diarioregionaldigital.com.br\/index.php?rest_route=\/wp\/v2\/posts\/182456\/revisions\/182458"}],"wp:featuredmedia":[{"embeddable":true,"href":"https:\/\/diarioregionaldigital.com.br\/index.php?rest_route=\/wp\/v2\/media\/182457"}],"wp:attachment":[{"href":"https:\/\/diarioregionaldigital.com.br\/index.php?rest_route=%2Fwp%2Fv2%2Fmedia&parent=182456"}],"wp:term":[{"taxonomy":"category","embeddable":true,"href":"https:\/\/diarioregionaldigital.com.br\/index.php?rest_route=%2Fwp%2Fv2%2Fcategories&post=182456"},{"taxonomy":"post_tag","embeddable":true,"href":"https:\/\/diarioregionaldigital.com.br\/index.php?rest_route=%2Fwp%2Fv2%2Ftags&post=182456"}],"curies":[{"name":"wp","href":"https:\/\/api.w.org\/{rel}","templated":true}]}}