{"id":182453,"date":"2021-05-14T18:03:35","date_gmt":"2021-05-14T21:03:35","guid":{"rendered":"https:\/\/diarioregionaldigital.com.br\/?p=182453"},"modified":"2021-05-14T18:03:35","modified_gmt":"2021-05-14T21:03:35","slug":"eliminatorias-tite-convoca-selecao-para-enfrentar-equador-e-paraguai","status":"publish","type":"post","link":"https:\/\/diarioregionaldigital.com.br\/?p=182453","title":{"rendered":"Eliminat\u00f3rias: Tite convoca sele\u00e7\u00e3o para enfrentar Equador e Paraguai"},"content":{"rendered":"<p>O t\u00e9cnico Tite anunciou nesta sexta-feira (14) os convocados da Sele\u00e7\u00e3o Brasileira para os jogos contra o Equador e Paraguai, v\u00e1lidos pelas Eliminat\u00f3rias Sul-americana da Copa do Mundo do Catar, em 2022. Entre as novidades, est\u00e1 o zagueiro Lucas Ver\u00edssimo, atualmente no Benfica, de Portugal. A primeira partida ser\u00e1 disputada no dia 4 de junho, no Beira-Rio, em Porto Alegre\u00a0e, em seguida, os brasileiros v\u00e3o visitar os paraguaios, na capital Assun\u00e7\u00e3o, em 8 de junho. Ser\u00e3o os dois \u00faltimos confrontos da sele\u00e7\u00e3o antes da Copa Am\u00e9rica, programada para o per\u00edodo de 13 a 20 de julho.<img decoding=\"async\" src=\"https:\/\/agenciabrasil.ebc.com.br\/ebc.png?id=1409664&amp;o=node\" \/><img decoding=\"async\" src=\"https:\/\/agenciabrasil.ebc.com.br\/ebc.gif?id=1409664&amp;o=node\" \/><\/p>\n<p>Na rela\u00e7\u00e3o de Tite est\u00e3o somente tr\u00eas jogadores que atuam no futebol brasileiro: Gabigol e Everton Ribeiro, do Flamengo, e Daniel Alves, do S\u00e3o Paulo. A sele\u00e7\u00e3o lidera as Elimiant\u00f3rias Sul- Americanas, est\u00e1 com 100% de aproveitamento: venceu Bol\u00edvia, Peru, Venezuela e Uruguai, mas n\u00e3o joga desde o final de novembro do ano passado, em raz\u00e3o da pandemia do novo coronav\u00edrus. Sobe o longo intervalo desde a \u00faltima partida, Tite disse que o desafio \u00e9 repetir as boas atua\u00e7\u00f5es do grupo.<\/p>\n<p>&#8220;O momento \u00e9 de dificuldades das sele\u00e7\u00f5es e, mais ainda, de procurar ter contato humano com os altetas e repetir o desempenho, especificamente [o demonstrado] contra o Uruguai. E esse passao vai ser um desafio: primeiro o da retomada de um padr\u00e3o igual, de encontrar atletas que est\u00e3o nessas condi\u00e7\u00f5es melhores que \u00e9 o objetivo e a ess\u00eancia. Desempenho, resultado e seguir bem na classifica\u00e7\u00e3o&#8221;, afirmou o treinador.<span style=\"font-weight: 400;\"><br \/>\n<\/span><span style=\"font-weight: 400;\"><br \/>\n<\/span><span style=\"font-weight: 400;\">Fonte: Ag\u00eancia Brasil<\/span><span style=\"font-weight: 400;\"><br \/>\n<\/span><\/p>\n","protected":false},"excerpt":{"rendered":"<p>O t\u00e9cnico Tite anunciou nesta sexta-feira (14) os convocados da Sele\u00e7\u00e3o Brasileira para os jogos contra o Equador e Paraguai, v\u00e1lidos pelas Eliminat\u00f3rias Sul-americana da Copa do Mundo do Catar, em 2022. Entre as novidades, est\u00e1 o zagueiro Lucas Ver\u00edssimo, atualmente no Benfica, de Portugal. A primeira partida ser\u00e1 disputada no dia 4 de junho, [&hellip;]<\/p>\n","protected":false},"author":246,"featured_media":182454,"comment_status":"closed","ping_status":"closed","sticky":false,"template":"","format":"standard","meta":{"footnotes":""},"categories":[436,257,439],"tags":[],"class_list":["post-182453","post","type-post","status-publish","format-standard","has-post-thumbnail","hentry","category-destaque-da-semana","category-esporte","category-ultima-hora"],"_links":{"self":[{"href":"https:\/\/diarioregionaldigital.com.br\/index.php?rest_route=\/wp\/v2\/posts\/182453","targetHints":{"allow":["GET"]}}],"collection":[{"href":"https:\/\/diarioregionaldigital.com.br\/index.php?rest_route=\/wp\/v2\/posts"}],"about":[{"href":"https:\/\/diarioregionaldigital.com.br\/index.php?rest_route=\/wp\/v2\/types\/post"}],"author":[{"embeddable":true,"href":"https:\/\/diarioregionaldigital.com.br\/index.php?rest_route=\/wp\/v2\/users\/246"}],"replies":[{"embeddable":true,"href":"https:\/\/diarioregionaldigital.com.br\/index.php?rest_route=%2Fwp%2Fv2%2Fcomments&post=182453"}],"version-history":[{"count":1,"href":"https:\/\/diarioregionaldigital.com.br\/index.php?rest_route=\/wp\/v2\/posts\/182453\/revisions"}],"predecessor-version":[{"id":182455,"href":"https:\/\/diarioregionaldigital.com.br\/index.php?rest_route=\/wp\/v2\/posts\/182453\/revisions\/182455"}],"wp:featuredmedia":[{"embeddable":true,"href":"https:\/\/diarioregionaldigital.com.br\/index.php?rest_route=\/wp\/v2\/media\/182454"}],"wp:attachment":[{"href":"https:\/\/diarioregionaldigital.com.br\/index.php?rest_route=%2Fwp%2Fv2%2Fmedia&parent=182453"}],"wp:term":[{"taxonomy":"category","embeddable":true,"href":"https:\/\/diarioregionaldigital.com.br\/index.php?rest_route=%2Fwp%2Fv2%2Fcategories&post=182453"},{"taxonomy":"post_tag","embeddable":true,"href":"https:\/\/diarioregionaldigital.com.br\/index.php?rest_route=%2Fwp%2Fv2%2Ftags&post=182453"}],"curies":[{"name":"wp","href":"https:\/\/api.w.org\/{rel}","templated":true}]}}