{"id":182447,"date":"2021-05-14T17:46:32","date_gmt":"2021-05-14T20:46:32","guid":{"rendered":"https:\/\/diarioregionaldigital.com.br\/?p=182447"},"modified":"2021-05-14T17:46:32","modified_gmt":"2021-05-14T20:46:32","slug":"estado-recebe-mais-101-600-doses-de-coronavac-nesta-sexta-feira-14-5","status":"publish","type":"post","link":"https:\/\/diarioregionaldigital.com.br\/?p=182447","title":{"rendered":"Estado recebe mais 101.600 doses de CoronaVac nesta sexta-feira (14\/5)"},"content":{"rendered":"<p>A maior opera\u00e7\u00e3o de vacina\u00e7\u00e3o da hist\u00f3ria de Minas Gerais avan\u00e7a na aplica\u00e7\u00e3o da segunda dose contra a covid-19 com a chegada, nesta sexta-feira (14\/5), de mais 101.600 doses de CoronaVac. Essa remessa deve ser usada para completar o esquema vacinal daqueles que j\u00e1 receberam a primeira dose e est\u00e3o em tempo h\u00e1bil ou atrasados para tomar a dose 2. Com esta chegada, o Estado totaliza 440 mil\u00a0doses da CoronaVac recebidas em maio.<\/p>\n<p>\u00c9 importante que as pessoas que tomaram a primeira dose, mesmo que j\u00e1 tenham ultrapassado os 28 dias de intervalo ideal recomendado pelo fabricante da CoronaVac, procurem o posto de sa\u00fade para receber a segunda dose. \u201cOs estudos mostram que a imunidade \u00e9 alcan\u00e7ada com a aplica\u00e7\u00e3o das duas doses\u201d, afirma o secret\u00e1rio de Estado de\u00a0<a href=\"http:\/\/saude.mg.gov.br\/\" target=\"_blank\" rel=\"noopener\">Sa\u00fade<\/a>\u00a0de Minas Gerais, F\u00e1bio Baccheretti. Segundo ele, um eventual atraso na aplica\u00e7\u00e3o da dose 2 n\u00e3o significa perder a efetividade da dose 1.<\/p>\n<p>A log\u00edstica de distribui\u00e7\u00e3o desta 20\u00aa remessa e das outras 630.550 mil doses recebidas, na quinta-feira (13\/5), na Central da Rede de Frio do estado, via terrestre, est\u00e1 sendo conclu\u00edda e logo ser\u00e1 divulgada, assim como os quantitativos para as 28 regionais e os 853 munic\u00edpios.<\/p>\n<p><span style=\"font-weight: 400;\"><br \/>\n<\/span><span style=\"font-weight: 400;\">Fonte: Ag\u00eancia Minas<\/span><span style=\"font-weight: 400;\"><br \/>\n<\/span><\/p>\n","protected":false},"excerpt":{"rendered":"<p>A maior opera\u00e7\u00e3o de vacina\u00e7\u00e3o da hist\u00f3ria de Minas Gerais avan\u00e7a na aplica\u00e7\u00e3o da segunda dose contra a covid-19 com a chegada, nesta sexta-feira (14\/5), de mais 101.600 doses de CoronaVac. Essa remessa deve ser usada para completar o esquema vacinal daqueles que j\u00e1 receberam a primeira dose e est\u00e3o em tempo h\u00e1bil ou atrasados [&hellip;]<\/p>\n","protected":false},"author":246,"featured_media":182448,"comment_status":"closed","ping_status":"closed","sticky":false,"template":"","format":"standard","meta":{"footnotes":""},"categories":[436,440,262,254,439],"tags":[],"class_list":["post-182447","post","type-post","status-publish","format-standard","has-post-thumbnail","hentry","category-destaque-da-semana","category-destaques-do-dia","category-noticias","category-politica","category-ultima-hora"],"_links":{"self":[{"href":"https:\/\/diarioregionaldigital.com.br\/index.php?rest_route=\/wp\/v2\/posts\/182447","targetHints":{"allow":["GET"]}}],"collection":[{"href":"https:\/\/diarioregionaldigital.com.br\/index.php?rest_route=\/wp\/v2\/posts"}],"about":[{"href":"https:\/\/diarioregionaldigital.com.br\/index.php?rest_route=\/wp\/v2\/types\/post"}],"author":[{"embeddable":true,"href":"https:\/\/diarioregionaldigital.com.br\/index.php?rest_route=\/wp\/v2\/users\/246"}],"replies":[{"embeddable":true,"href":"https:\/\/diarioregionaldigital.com.br\/index.php?rest_route=%2Fwp%2Fv2%2Fcomments&post=182447"}],"version-history":[{"count":1,"href":"https:\/\/diarioregionaldigital.com.br\/index.php?rest_route=\/wp\/v2\/posts\/182447\/revisions"}],"predecessor-version":[{"id":182449,"href":"https:\/\/diarioregionaldigital.com.br\/index.php?rest_route=\/wp\/v2\/posts\/182447\/revisions\/182449"}],"wp:featuredmedia":[{"embeddable":true,"href":"https:\/\/diarioregionaldigital.com.br\/index.php?rest_route=\/wp\/v2\/media\/182448"}],"wp:attachment":[{"href":"https:\/\/diarioregionaldigital.com.br\/index.php?rest_route=%2Fwp%2Fv2%2Fmedia&parent=182447"}],"wp:term":[{"taxonomy":"category","embeddable":true,"href":"https:\/\/diarioregionaldigital.com.br\/index.php?rest_route=%2Fwp%2Fv2%2Fcategories&post=182447"},{"taxonomy":"post_tag","embeddable":true,"href":"https:\/\/diarioregionaldigital.com.br\/index.php?rest_route=%2Fwp%2Fv2%2Ftags&post=182447"}],"curies":[{"name":"wp","href":"https:\/\/api.w.org\/{rel}","templated":true}]}}