{"id":182377,"date":"2021-05-13T17:59:57","date_gmt":"2021-05-13T20:59:57","guid":{"rendered":"https:\/\/diarioregionaldigital.com.br\/?p=182377"},"modified":"2021-05-13T17:59:57","modified_gmt":"2021-05-13T20:59:57","slug":"finais-de-libertadores-e-sul-americana-deste-ano-serao-em-montevideu","status":"publish","type":"post","link":"https:\/\/diarioregionaldigital.com.br\/?p=182377","title":{"rendered":"Finais de Libertadores e Sul-Americana deste ano ser\u00e3o em Montevid\u00e9u"},"content":{"rendered":"<p>A decis\u00e3o dos t\u00edtulos de 2021 da Copa Libertadores e da Sul-Americana, principais competi\u00e7\u00f5es de futebol do continente, ser\u00e3o realizadas no Est\u00e1dio Centen\u00e1rio, em Montevid\u00e9u (Uruguai). A decis\u00e3o foi anunciada nesta quinta-feira (13), ap\u00f3s reuni\u00e3o virtual do Conselho\u00a0da Conmebol. De acordo com o calend\u00e1rio, a final da Sul-Americana ser\u00e1 em 6 de novembro, um s\u00e1bado, e no dia 20 do mesmo m\u00eas, ocorrer\u00e1 o embate derradeiro da Libertadores 2021.<img decoding=\"async\" src=\"https:\/\/agenciabrasil.ebc.com.br\/ebc.png?id=1409600&amp;o=node\" \/><img decoding=\"async\" src=\"https:\/\/agenciabrasil.ebc.com.br\/ebc.gif?id=1409600&amp;o=node\" \/><\/p>\n<p>De acordo com a entidade, a escolha por Montevid\u00e9u ocorreu ap\u00f3s avalia\u00e7\u00e3o das condi\u00e7\u00f5es sanit\u00e1rias do pa\u00eds, diante da pandemia de covid-19. O calend\u00e1rio de imuniza\u00e7\u00e3o estabelecido pelo Governo uruguaio at\u00e9 julho tamb\u00e9m pesou na decis\u00e3o.<\/p>\n<p>\u201cO Conselho adotou a decis\u00e3o tendo em conta, principalmente, a situa\u00e7\u00e3o da epidemia projetada para novembro. Nesse sentido, o Uruguai planeja vacinar um alto percentual de sua popula\u00e7\u00e3o at\u00e9 julho, o que colocaria este pa\u00eds entre os mais seguros do continente nas datas previstas para as finais, disse a entidade, em\u00a0nota oficial.<\/p>\n<p>A Conmebol adiantou tamb\u00e9m que o Est\u00e1dio Man\u00e9 Garrincha, em Bras\u00edlia (DF), ser\u00e1 palco da final da Sul-Americana de 2022, e o t\u00e9rmino da disputa da Libertadores ano que vem ser\u00e1 no Monumental de Guayaquil (Equador). De acordo com os dirigentes, \u201c a designa\u00e7\u00e3o dessas instala\u00e7\u00f5es com um ano de anteced\u00eancia permitir\u00e1 uma melhor prepara\u00e7\u00e3o e log\u00edstica\u201d.<\/p>\n<p><span style=\"font-weight: 400;\">Fonte:\u00a0 Ag\u00eancia Brasil<\/span><\/p>\n","protected":false},"excerpt":{"rendered":"<p>A decis\u00e3o dos t\u00edtulos de 2021 da Copa Libertadores e da Sul-Americana, principais competi\u00e7\u00f5es de futebol do continente, ser\u00e3o realizadas no Est\u00e1dio Centen\u00e1rio, em Montevid\u00e9u (Uruguai). A decis\u00e3o foi anunciada nesta quinta-feira (13), ap\u00f3s reuni\u00e3o virtual do Conselho\u00a0da Conmebol. De acordo com o calend\u00e1rio, a final da Sul-Americana ser\u00e1 em 6 de novembro, um s\u00e1bado, [&hellip;]<\/p>\n","protected":false},"author":246,"featured_media":182378,"comment_status":"closed","ping_status":"closed","sticky":false,"template":"","format":"standard","meta":{"footnotes":""},"categories":[257,439],"tags":[],"class_list":["post-182377","post","type-post","status-publish","format-standard","has-post-thumbnail","hentry","category-esporte","category-ultima-hora"],"_links":{"self":[{"href":"https:\/\/diarioregionaldigital.com.br\/index.php?rest_route=\/wp\/v2\/posts\/182377","targetHints":{"allow":["GET"]}}],"collection":[{"href":"https:\/\/diarioregionaldigital.com.br\/index.php?rest_route=\/wp\/v2\/posts"}],"about":[{"href":"https:\/\/diarioregionaldigital.com.br\/index.php?rest_route=\/wp\/v2\/types\/post"}],"author":[{"embeddable":true,"href":"https:\/\/diarioregionaldigital.com.br\/index.php?rest_route=\/wp\/v2\/users\/246"}],"replies":[{"embeddable":true,"href":"https:\/\/diarioregionaldigital.com.br\/index.php?rest_route=%2Fwp%2Fv2%2Fcomments&post=182377"}],"version-history":[{"count":2,"href":"https:\/\/diarioregionaldigital.com.br\/index.php?rest_route=\/wp\/v2\/posts\/182377\/revisions"}],"predecessor-version":[{"id":182380,"href":"https:\/\/diarioregionaldigital.com.br\/index.php?rest_route=\/wp\/v2\/posts\/182377\/revisions\/182380"}],"wp:featuredmedia":[{"embeddable":true,"href":"https:\/\/diarioregionaldigital.com.br\/index.php?rest_route=\/wp\/v2\/media\/182378"}],"wp:attachment":[{"href":"https:\/\/diarioregionaldigital.com.br\/index.php?rest_route=%2Fwp%2Fv2%2Fmedia&parent=182377"}],"wp:term":[{"taxonomy":"category","embeddable":true,"href":"https:\/\/diarioregionaldigital.com.br\/index.php?rest_route=%2Fwp%2Fv2%2Fcategories&post=182377"},{"taxonomy":"post_tag","embeddable":true,"href":"https:\/\/diarioregionaldigital.com.br\/index.php?rest_route=%2Fwp%2Fv2%2Ftags&post=182377"}],"curies":[{"name":"wp","href":"https:\/\/api.w.org\/{rel}","templated":true}]}}