{"id":182361,"date":"2021-05-13T17:20:32","date_gmt":"2021-05-13T20:20:32","guid":{"rendered":"https:\/\/diarioregionaldigital.com.br\/?p=182361"},"modified":"2021-05-13T17:20:32","modified_gmt":"2021-05-13T20:20:32","slug":"supermercados-tem-alta-de-7-nas-vendas-do-primeiro-trimestre","status":"publish","type":"post","link":"https:\/\/diarioregionaldigital.com.br\/?p=182361","title":{"rendered":"Supermercados t\u00eam alta de 7% nas vendas do primeiro trimestre"},"content":{"rendered":"<p>As vendas em supermercados tiveram alta de 7,06% no primeiro trimestre do ano em compara\u00e7\u00e3o com o per\u00edodo de janeiro a mar\u00e7o de 2020. Segundo balan\u00e7o divulgado hoje (13) pela Associa\u00e7\u00e3o Brasileira de Supermercados (Abras), na compara\u00e7\u00e3o entre mar\u00e7o de 2021 e o mesmo m\u00eas do ano passado, o crescimento ficou em 4,31%.<\/p>\n<p>Segundo o vice-presidente administrativo da Abras, Marcio Milan, com a previs\u00e3o de abertura da economia conforme o avan\u00e7o da vacina\u00e7\u00e3o, a tend\u00eancia do setor \u00e9 manter a estimativa de crescimento de 4,5% nas vendas do ano.<\/p>\n<p>Milan lembrou que o aumento das restri\u00e7\u00f5es impostas nas quarentenas contra o coronav\u00edrus impactou parcialmente o resultado de mar\u00e7o. \u201cNo final de mar\u00e7o, ainda tivemos muitas restri\u00e7\u00f5es que ocorreram por determina\u00e7\u00f5es de legisladores municipais e estaduais\u201d, destacou.<\/p>\n<p><strong>Novos h\u00e1bitos<br \/>\n<\/strong><br \/>\nO vice-presidente administrativo da Abras ressaltou que a perda de renda tem levado \u00e0 mudan\u00e7a de h\u00e1bitos de consumo. Ele deu como exemplo a substitui\u00e7\u00e3o de carnes por ovos e disse que o consumo m\u00e9dio de unidades, que era de 195 por pessoa em 2019, chegou a 260 nos \u00faltimos 12 meses.<\/p>\n<p>\u201cTodas as vezes que o consumidor identifica que determinados produtos n\u00e3o est\u00e3o cabendo no bolso, corre para fazer a substitui\u00e7\u00e3o. Ele est\u00e1 procurando equilibrar o seu or\u00e7amento atrav\u00e9s de outras alternativas\u201d, explicou.<\/p>\n<p>No caso dos ovos, Milan ressaltou que existe tamb\u00e9m uma mudan\u00e7a de padr\u00e3o de consumo, com a escolha de produtos considerados mais saud\u00e1veis.<\/p>\n<p><span style=\"font-weight: 400;\">Foto: Fernanda Cruz\/Ag\u00eancia Brasil<\/span><span style=\"font-weight: 400;\"><br \/>\n<\/span><span style=\"font-weight: 400;\"><br \/>\n<\/span><span style=\"font-weight: 400;\">Legenda: Expectativa do setor para este ano \u00e9 de aumento de 4,5%<\/span><span style=\"font-weight: 400;\"><br \/>\n<\/span><span style=\"font-weight: 400;\"><br \/>\n<\/span><span style=\"font-weight: 400;\">Manchete: Supermercados t\u00eam alta de 7% nas vendas do primeiro trimestre<\/span><span style=\"font-weight: 400;\"><br \/>\n<\/span><span style=\"font-weight: 400;\"><br \/>\n<\/span><span style=\"font-weight: 400;\">Fonte: Ag\u00eancia Brasil<\/span><\/p>\n","protected":false},"excerpt":{"rendered":"<p>As vendas em supermercados tiveram alta de 7,06% no primeiro trimestre do ano em compara\u00e7\u00e3o com o per\u00edodo de janeiro a mar\u00e7o de 2020. Segundo balan\u00e7o divulgado hoje (13) pela Associa\u00e7\u00e3o Brasileira de Supermercados (Abras), na compara\u00e7\u00e3o entre mar\u00e7o de 2021 e o mesmo m\u00eas do ano passado, o crescimento ficou em 4,31%. Segundo o [&hellip;]<\/p>\n","protected":false},"author":246,"featured_media":182362,"comment_status":"closed","ping_status":"closed","sticky":false,"template":"","format":"standard","meta":{"footnotes":""},"categories":[440,261,439],"tags":[],"class_list":["post-182361","post","type-post","status-publish","format-standard","has-post-thumbnail","hentry","category-destaques-do-dia","category-economia","category-ultima-hora"],"_links":{"self":[{"href":"https:\/\/diarioregionaldigital.com.br\/index.php?rest_route=\/wp\/v2\/posts\/182361","targetHints":{"allow":["GET"]}}],"collection":[{"href":"https:\/\/diarioregionaldigital.com.br\/index.php?rest_route=\/wp\/v2\/posts"}],"about":[{"href":"https:\/\/diarioregionaldigital.com.br\/index.php?rest_route=\/wp\/v2\/types\/post"}],"author":[{"embeddable":true,"href":"https:\/\/diarioregionaldigital.com.br\/index.php?rest_route=\/wp\/v2\/users\/246"}],"replies":[{"embeddable":true,"href":"https:\/\/diarioregionaldigital.com.br\/index.php?rest_route=%2Fwp%2Fv2%2Fcomments&post=182361"}],"version-history":[{"count":1,"href":"https:\/\/diarioregionaldigital.com.br\/index.php?rest_route=\/wp\/v2\/posts\/182361\/revisions"}],"predecessor-version":[{"id":182363,"href":"https:\/\/diarioregionaldigital.com.br\/index.php?rest_route=\/wp\/v2\/posts\/182361\/revisions\/182363"}],"wp:featuredmedia":[{"embeddable":true,"href":"https:\/\/diarioregionaldigital.com.br\/index.php?rest_route=\/wp\/v2\/media\/182362"}],"wp:attachment":[{"href":"https:\/\/diarioregionaldigital.com.br\/index.php?rest_route=%2Fwp%2Fv2%2Fmedia&parent=182361"}],"wp:term":[{"taxonomy":"category","embeddable":true,"href":"https:\/\/diarioregionaldigital.com.br\/index.php?rest_route=%2Fwp%2Fv2%2Fcategories&post=182361"},{"taxonomy":"post_tag","embeddable":true,"href":"https:\/\/diarioregionaldigital.com.br\/index.php?rest_route=%2Fwp%2Fv2%2Ftags&post=182361"}],"curies":[{"name":"wp","href":"https:\/\/api.w.org\/{rel}","templated":true}]}}