{"id":182357,"date":"2021-05-13T00:26:54","date_gmt":"2021-05-13T03:26:54","guid":{"rendered":"https:\/\/diarioregionaldigital.com.br\/?p=182357"},"modified":"2021-05-13T00:26:54","modified_gmt":"2021-05-13T03:26:54","slug":"edificio-residencial-nova-sao-geraldo-convocacao-13-05-2021","status":"publish","type":"post","link":"https:\/\/diarioregionaldigital.com.br\/?p=182357","title":{"rendered":"Edif\u00edcio Residencial Nova S\u00e3o Geraldo &#8211; Convoca\u00e7\u00e3o &#8211; 13\/05\/2021"},"content":{"rendered":"<p><img loading=\"lazy\" decoding=\"async\" class=\"aligncenter wp-image-182354\" src=\"https:\/\/diarioregionaldigital.com.br\/wp-content\/uploads\/2021\/05\/EDITAL-DE-CONVOCACAO-28-scaled.jpg\" alt=\"\" width=\"500\" height=\"940\" srcset=\"https:\/\/diarioregionaldigital.com.br\/wp-content\/uploads\/2021\/05\/EDITAL-DE-CONVOCACAO-28-scaled.jpg 1361w, https:\/\/diarioregionaldigital.com.br\/wp-content\/uploads\/2021\/05\/EDITAL-DE-CONVOCACAO-28-159x300.jpg 159w, https:\/\/diarioregionaldigital.com.br\/wp-content\/uploads\/2021\/05\/EDITAL-DE-CONVOCACAO-28-544x1024.jpg 544w, https:\/\/diarioregionaldigital.com.br\/wp-content\/uploads\/2021\/05\/EDITAL-DE-CONVOCACAO-28-768x1445.jpg 768w, https:\/\/diarioregionaldigital.com.br\/wp-content\/uploads\/2021\/05\/EDITAL-DE-CONVOCACAO-28-817x1536.jpg 817w, https:\/\/diarioregionaldigital.com.br\/wp-content\/uploads\/2021\/05\/EDITAL-DE-CONVOCACAO-28-1089x2048.jpg 1089w, https:\/\/diarioregionaldigital.com.br\/wp-content\/uploads\/2021\/05\/EDITAL-DE-CONVOCACAO-28-360x677.jpg 360w\" sizes=\"auto, (max-width: 500px) 100vw, 500px\" \/><\/p>\n","protected":false},"excerpt":{"rendered":"","protected":false},"author":96,"featured_media":0,"comment_status":"closed","ping_status":"closed","sticky":false,"template":"","format":"standard","meta":{"footnotes":""},"categories":[307],"tags":[],"class_list":["post-182357","post","type-post","status-publish","format-standard","hentry","category-editais"],"_links":{"self":[{"href":"https:\/\/diarioregionaldigital.com.br\/index.php?rest_route=\/wp\/v2\/posts\/182357","targetHints":{"allow":["GET"]}}],"collection":[{"href":"https:\/\/diarioregionaldigital.com.br\/index.php?rest_route=\/wp\/v2\/posts"}],"about":[{"href":"https:\/\/diarioregionaldigital.com.br\/index.php?rest_route=\/wp\/v2\/types\/post"}],"author":[{"embeddable":true,"href":"https:\/\/diarioregionaldigital.com.br\/index.php?rest_route=\/wp\/v2\/users\/96"}],"replies":[{"embeddable":true,"href":"https:\/\/diarioregionaldigital.com.br\/index.php?rest_route=%2Fwp%2Fv2%2Fcomments&post=182357"}],"version-history":[{"count":1,"href":"https:\/\/diarioregionaldigital.com.br\/index.php?rest_route=\/wp\/v2\/posts\/182357\/revisions"}],"predecessor-version":[{"id":182358,"href":"https:\/\/diarioregionaldigital.com.br\/index.php?rest_route=\/wp\/v2\/posts\/182357\/revisions\/182358"}],"wp:attachment":[{"href":"https:\/\/diarioregionaldigital.com.br\/index.php?rest_route=%2Fwp%2Fv2%2Fmedia&parent=182357"}],"wp:term":[{"taxonomy":"category","embeddable":true,"href":"https:\/\/diarioregionaldigital.com.br\/index.php?rest_route=%2Fwp%2Fv2%2Fcategories&post=182357"},{"taxonomy":"post_tag","embeddable":true,"href":"https:\/\/diarioregionaldigital.com.br\/index.php?rest_route=%2Fwp%2Fv2%2Ftags&post=182357"}],"curies":[{"name":"wp","href":"https:\/\/api.w.org\/{rel}","templated":true}]}}