{"id":182351,"date":"2021-05-13T06:00:50","date_gmt":"2021-05-13T09:00:50","guid":{"rendered":"https:\/\/diarioregionaldigital.com.br\/?p=182351"},"modified":"2021-05-13T00:23:39","modified_gmt":"2021-05-13T03:23:39","slug":"saude-5","status":"publish","type":"post","link":"https:\/\/diarioregionaldigital.com.br\/?p=182351","title":{"rendered":"Sa\u00fade"},"content":{"rendered":"<p style=\"text-align: center;\"><strong>Cabelo&#8230;Cabeleira<\/strong><\/p>\n<p style=\"text-align: center;\">Eternizados por astros do pop, como David Bowie, e do sertanejo, como Chit\u00e3ozinho e Xoror\u00f3, os cabelos mullets voltam com toque pol\u00edtico. Trata-se de um repicado mais curto na frente e mais comprido na nuca. O look n\u00e3o se enquadra em paradigmas. Us\u00e1-lo e um ato de coragem e quem adere o visual pode ousar em colorir em azul, vermelho, amarelo e verde.<\/p>\n<p style=\"text-align: center;\"><strong>Obrigado&#8230;de nada<\/strong><\/p>\n<p style=\"text-align: center;\">As operadoras que querem apertar as regras do N\u00e3o me Perturbe, site em que qualquer pessoa pode se cadastrar para n\u00e3o receber chamadas de telemarketing sobre telefonia e internet. A Anatel sentiu que o spam telef\u00f4nico precisava ser aprimorado, por isso a Conexis, sindicato de operadoras, quer \u201capertar o torniquete\u201d dessa auto regula\u00e7\u00e3o.<\/p>\n<p style=\"text-align: center;\"><strong>O Melhor <\/strong><\/p>\n<p style=\"text-align: center;\">Formado na UFJF e com carreira consolidada, Anderson Ca\u00e7ador foi eleito o melhor \u00e1rbitro da Superliga de V\u00f4lei, e vai a Liga das Na\u00e7\u00f5es. Ele \u00e9 uma das refer\u00eancias na arbitragem internacional e sonha com participa\u00e7\u00e3o em uma Ol\u00edmpiada.<\/p>\n<p style=\"text-align: center;\"><strong>Sa\u00fade<\/strong><\/p>\n<p style=\"text-align: center;\">Digno de elogios e um dos fundadores e diretores do hospital Monte Sinai e da Suprema, al\u00e9m de diretor do Hospital Maternidade Therezinha de Jesus, o m\u00e9dico Ricardo Campello destaca a compra de 60% das cotas do Monte Sinai, por um grupo de s\u00f3cios fundadores do hospital.<\/p>\n<div id=\"attachment_182335\" style=\"width: 690px\" class=\"wp-caption aligncenter\"><img loading=\"lazy\" decoding=\"async\" aria-describedby=\"caption-attachment-182335\" class=\"wp-image-182335\" src=\"https:\/\/diarioregionaldigital.com.br\/wp-content\/uploads\/2021\/05\/fotoaa-1-e1620874901351.jpg\" alt=\"\" width=\"680\" height=\"459\" srcset=\"https:\/\/diarioregionaldigital.com.br\/wp-content\/uploads\/2021\/05\/fotoaa-1-e1620874901351.jpg 936w, https:\/\/diarioregionaldigital.com.br\/wp-content\/uploads\/2021\/05\/fotoaa-1-e1620874901351-300x203.jpg 300w, https:\/\/diarioregionaldigital.com.br\/wp-content\/uploads\/2021\/05\/fotoaa-1-e1620874901351-768x519.jpg 768w, https:\/\/diarioregionaldigital.com.br\/wp-content\/uploads\/2021\/05\/fotoaa-1-e1620874901351-360x243.jpg 360w\" sizes=\"auto, (max-width: 680px) 100vw, 680px\" \/><p id=\"caption-attachment-182335\" class=\"wp-caption-text\">A talentosa escritora e presidente da Academia Juizforana de Letras, Cecy Barbosa Campos, foi autora do pref\u00e1cio do livro de Alice Gervason Olhos de Esmeralda<\/p><\/div>\n<div id=\"attachment_182336\" style=\"width: 690px\" class=\"wp-caption aligncenter\"><img loading=\"lazy\" decoding=\"async\" aria-describedby=\"caption-attachment-182336\" class=\"wp-image-182336\" src=\"https:\/\/diarioregionaldigital.com.br\/wp-content\/uploads\/2021\/05\/fotob-6-e1620874926634.jpg\" alt=\"\" width=\"680\" height=\"469\" srcset=\"https:\/\/diarioregionaldigital.com.br\/wp-content\/uploads\/2021\/05\/fotob-6-e1620874926634.jpg 497w, https:\/\/diarioregionaldigital.com.br\/wp-content\/uploads\/2021\/05\/fotob-6-e1620874926634-300x207.jpg 300w, https:\/\/diarioregionaldigital.com.br\/wp-content\/uploads\/2021\/05\/fotob-6-e1620874926634-360x248.jpg 360w, https:\/\/diarioregionaldigital.com.br\/wp-content\/uploads\/2021\/05\/fotob-6-e1620874926634-100x70.jpg 100w\" sizes=\"auto, (max-width: 680px) 100vw, 680px\" \/><p id=\"caption-attachment-182336\" class=\"wp-caption-text\">Rodrigo Venzzi, curtindo a natureza m\u00e3e-maior<\/p><\/div>\n<div id=\"attachment_182337\" style=\"width: 690px\" class=\"wp-caption aligncenter\"><img loading=\"lazy\" decoding=\"async\" aria-describedby=\"caption-attachment-182337\" class=\"wp-image-182337\" src=\"https:\/\/diarioregionaldigital.com.br\/wp-content\/uploads\/2021\/05\/fotoc-7-e1620874945441.jpg\" alt=\"\" width=\"680\" height=\"489\" srcset=\"https:\/\/diarioregionaldigital.com.br\/wp-content\/uploads\/2021\/05\/fotoc-7-e1620874945441.jpg 700w, https:\/\/diarioregionaldigital.com.br\/wp-content\/uploads\/2021\/05\/fotoc-7-e1620874945441-300x216.jpg 300w, https:\/\/diarioregionaldigital.com.br\/wp-content\/uploads\/2021\/05\/fotoc-7-e1620874945441-360x259.jpg 360w\" sizes=\"auto, (max-width: 680px) 100vw, 680px\" \/><p id=\"caption-attachment-182337\" class=\"wp-caption-text\">A elegante Vanda Vairo Cruz, em close especial em tarde descontra\u00edda<\/p><\/div>\n<div id=\"attachment_182338\" style=\"width: 690px\" class=\"wp-caption aligncenter\"><img loading=\"lazy\" decoding=\"async\" aria-describedby=\"caption-attachment-182338\" class=\"wp-image-182338\" src=\"https:\/\/diarioregionaldigital.com.br\/wp-content\/uploads\/2021\/05\/fotod-7-e1620874968450.jpg\" alt=\"\" width=\"680\" height=\"655\" srcset=\"https:\/\/diarioregionaldigital.com.br\/wp-content\/uploads\/2021\/05\/fotod-7-e1620874968450.jpg 523w, https:\/\/diarioregionaldigital.com.br\/wp-content\/uploads\/2021\/05\/fotod-7-e1620874968450-300x289.jpg 300w, https:\/\/diarioregionaldigital.com.br\/wp-content\/uploads\/2021\/05\/fotod-7-e1620874968450-360x347.jpg 360w\" sizes=\"auto, (max-width: 680px) 100vw, 680px\" \/><p id=\"caption-attachment-182338\" class=\"wp-caption-text\">Lindo casal em sintonia como papai e mam\u00e3e, Wagner Peluzo e Mel Mattos<\/p><\/div>\n<div id=\"attachment_182339\" style=\"width: 690px\" class=\"wp-caption aligncenter\"><img loading=\"lazy\" decoding=\"async\" aria-describedby=\"caption-attachment-182339\" class=\"wp-image-182339\" src=\"https:\/\/diarioregionaldigital.com.br\/wp-content\/uploads\/2021\/05\/fotoe-6-e1620874996411.jpg\" alt=\"\" width=\"680\" height=\"495\" srcset=\"https:\/\/diarioregionaldigital.com.br\/wp-content\/uploads\/2021\/05\/fotoe-6-e1620874996411.jpg 713w, https:\/\/diarioregionaldigital.com.br\/wp-content\/uploads\/2021\/05\/fotoe-6-e1620874996411-300x218.jpg 300w, https:\/\/diarioregionaldigital.com.br\/wp-content\/uploads\/2021\/05\/fotoe-6-e1620874996411-360x262.jpg 360w\" sizes=\"auto, (max-width: 680px) 100vw, 680px\" \/><p id=\"caption-attachment-182339\" class=\"wp-caption-text\">Donos absolutos do sucesso a cantora Sandra Portella e o empres\u00e1rio M\u00e1rcio Marques<\/p><\/div>\n<div id=\"attachment_182340\" style=\"width: 690px\" class=\"wp-caption aligncenter\"><img loading=\"lazy\" decoding=\"async\" aria-describedby=\"caption-attachment-182340\" class=\"wp-image-182340\" src=\"https:\/\/diarioregionaldigital.com.br\/wp-content\/uploads\/2021\/05\/fotof-7-e1620875017803.jpg\" alt=\"\" width=\"680\" height=\"468\" srcset=\"https:\/\/diarioregionaldigital.com.br\/wp-content\/uploads\/2021\/05\/fotof-7-e1620875017803.jpg 478w, https:\/\/diarioregionaldigital.com.br\/wp-content\/uploads\/2021\/05\/fotof-7-e1620875017803-300x206.jpg 300w, https:\/\/diarioregionaldigital.com.br\/wp-content\/uploads\/2021\/05\/fotof-7-e1620875017803-360x248.jpg 360w, https:\/\/diarioregionaldigital.com.br\/wp-content\/uploads\/2021\/05\/fotof-7-e1620875017803-100x70.jpg 100w\" sizes=\"auto, (max-width: 680px) 100vw, 680px\" \/><p id=\"caption-attachment-182340\" class=\"wp-caption-text\">A flamenguista Mirian Neder e o botafoguense Dirceu Falci, em ritmo de torcida por dias melhores<\/p><\/div>\n<div id=\"attachment_182341\" style=\"width: 690px\" class=\"wp-caption aligncenter\"><img loading=\"lazy\" decoding=\"async\" aria-describedby=\"caption-attachment-182341\" class=\"wp-image-182341\" src=\"https:\/\/diarioregionaldigital.com.br\/wp-content\/uploads\/2021\/05\/fotog-7-e1620875034151.jpg\" alt=\"\" width=\"680\" height=\"471\" srcset=\"https:\/\/diarioregionaldigital.com.br\/wp-content\/uploads\/2021\/05\/fotog-7-e1620875034151.jpg 514w, https:\/\/diarioregionaldigital.com.br\/wp-content\/uploads\/2021\/05\/fotog-7-e1620875034151-300x208.jpg 300w, https:\/\/diarioregionaldigital.com.br\/wp-content\/uploads\/2021\/05\/fotog-7-e1620875034151-360x249.jpg 360w, https:\/\/diarioregionaldigital.com.br\/wp-content\/uploads\/2021\/05\/fotog-7-e1620875034151-100x70.jpg 100w\" sizes=\"auto, (max-width: 680px) 100vw, 680px\" \/><p id=\"caption-attachment-182341\" class=\"wp-caption-text\">Os bonit\u00f5es Heverson San\u00e1bio e Arthur Magalh\u00e3es vestindo Camisaria Don<\/p><\/div>\n<p style=\"text-align: center;\"><strong>FOTOSS\u00cdNTESE<\/strong><\/p>\n<p>Prosseguindo com a Semana Municipal do Idoso, hoje 13\/05, \u00e0s 16h, tem a palestra com o gerontologo Crismedio Costa com o tema \u201cVidas Idosas Importam\u201d. A transmiss\u00e3o ser\u00e1 pela TV C\u00e2mara, Canal 35.1.<\/p>\n<p>Com mudan\u00e7a de gest\u00e3o, a empresa Infracea vai administra o Terminal Rodovi\u00e1rio Miguel Mansur pelos pr\u00f3ximos seis meses. O contrato \u00e9 tempor\u00e1rio e a PJF prepara edital para nova licita\u00e7\u00e3o.<\/p>\n<p>Voc\u00ea sabia? Maio Amarelo \u00e9 o m\u00eas que refor\u00e7a o respeito e a seguran\u00e7a de condutores e pedestres.<\/p>\n<p>A C\u00e2mara Municipal de Juiz de Fora deve abrir nos pr\u00f3ximos dias inscri\u00e7\u00f5es para participa\u00e7\u00e3o popular no processo de elabora\u00e7\u00e3o do Plano Estrat\u00e9gico. V\u00e1rios segmentos j\u00e1 foram ouvidos, mas s\u00f3 a partir dessas oitivas a mat\u00e9ria ir\u00e1 para a etapa de finaliza\u00e7\u00e3o do texto e vota\u00e7\u00e3o em plen\u00e1rio.<\/p>\n<p>Fazendo sucesso em Maril\u00e2ndia, o Armaz\u00e9m Barroco com almo\u00e7o no fog\u00e3o a lenha. Dinho Fernandes e o filho Yuri avisam que o espa\u00e7o \u00e9 um misto de bazar com mesas e cadeiras, objetos de decora\u00e7\u00e3o, antiguidades e m\u00f3veis de madeira de demoli\u00e7\u00e3o, com tudo \u00e0 venda.<\/p>\n<p>Quem assumiu para os pr\u00f3ximos 60 dias a presid\u00eancia do Abrigo Santa Helena foi o boa pra\u00e7a Waldir Aquino.<\/p>\n<p>J\u00e1 foi lan\u00e7ado por Patr\u00edcia Nery pelo sistema \u2018delivery\u2019 a Cruderia \u2013 gastronomia de mar e crudos.<\/p>\n<p>Reforma \u00edntima: \u00c9 dif\u00edcil para uma sociedade que busca s\u00f3 o prazer e a realiza\u00e7\u00e3o individual entender que o momento n\u00e3o esta lhe pedindo positividade, mas consci\u00eancia coletiva e vigil\u00e2ncia contra aqueles que pretendem aproveitar dessa \u201coportunidade\u201d para satisfazer seus \u00edmpetos imperiais. Tome nota e tenha um bom dia.<\/p>\n<p><img loading=\"lazy\" decoding=\"async\" class=\"aligncenter size-full wp-image-182350\" src=\"https:\/\/diarioregionaldigital.com.br\/wp-content\/uploads\/2021\/05\/anuncio19-scaled.jpg\" alt=\"\" width=\"2560\" height=\"926\" srcset=\"https:\/\/diarioregionaldigital.com.br\/wp-content\/uploads\/2021\/05\/anuncio19-scaled.jpg 2560w, https:\/\/diarioregionaldigital.com.br\/wp-content\/uploads\/2021\/05\/anuncio19-300x108.jpg 300w, https:\/\/diarioregionaldigital.com.br\/wp-content\/uploads\/2021\/05\/anuncio19-1024x370.jpg 1024w, https:\/\/diarioregionaldigital.com.br\/wp-content\/uploads\/2021\/05\/anuncio19-768x278.jpg 768w, https:\/\/diarioregionaldigital.com.br\/wp-content\/uploads\/2021\/05\/anuncio19-1536x555.jpg 1536w, https:\/\/diarioregionaldigital.com.br\/wp-content\/uploads\/2021\/05\/anuncio19-2048x741.jpg 2048w, https:\/\/diarioregionaldigital.com.br\/wp-content\/uploads\/2021\/05\/anuncio19-360x130.jpg 360w\" sizes=\"auto, (max-width: 2560px) 100vw, 2560px\" \/><\/p>\n","protected":false},"excerpt":{"rendered":"<p>Cabelo&#8230;Cabeleira Eternizados por astros do pop, como David Bowie, e do sertanejo, como Chit\u00e3ozinho e Xoror\u00f3, os cabelos mullets voltam com toque pol\u00edtico. Trata-se de um repicado mais curto na frente e mais comprido na nuca. O look n\u00e3o se enquadra em paradigmas. Us\u00e1-lo e um ato de coragem e quem adere o visual pode [&hellip;]<\/p>\n","protected":false},"author":253,"featured_media":182335,"comment_status":"closed","ping_status":"closed","sticky":false,"template":"","format":"standard","meta":{"footnotes":""},"categories":[264],"tags":[],"class_list":["post-182351","post","type-post","status-publish","format-standard","has-post-thumbnail","hentry","category-eduardo-gomes"],"_links":{"self":[{"href":"https:\/\/diarioregionaldigital.com.br\/index.php?rest_route=\/wp\/v2\/posts\/182351","targetHints":{"allow":["GET"]}}],"collection":[{"href":"https:\/\/diarioregionaldigital.com.br\/index.php?rest_route=\/wp\/v2\/posts"}],"about":[{"href":"https:\/\/diarioregionaldigital.com.br\/index.php?rest_route=\/wp\/v2\/types\/post"}],"author":[{"embeddable":true,"href":"https:\/\/diarioregionaldigital.com.br\/index.php?rest_route=\/wp\/v2\/users\/253"}],"replies":[{"embeddable":true,"href":"https:\/\/diarioregionaldigital.com.br\/index.php?rest_route=%2Fwp%2Fv2%2Fcomments&post=182351"}],"version-history":[{"count":1,"href":"https:\/\/diarioregionaldigital.com.br\/index.php?rest_route=\/wp\/v2\/posts\/182351\/revisions"}],"predecessor-version":[{"id":182356,"href":"https:\/\/diarioregionaldigital.com.br\/index.php?rest_route=\/wp\/v2\/posts\/182351\/revisions\/182356"}],"wp:featuredmedia":[{"embeddable":true,"href":"https:\/\/diarioregionaldigital.com.br\/index.php?rest_route=\/wp\/v2\/media\/182335"}],"wp:attachment":[{"href":"https:\/\/diarioregionaldigital.com.br\/index.php?rest_route=%2Fwp%2Fv2%2Fmedia&parent=182351"}],"wp:term":[{"taxonomy":"category","embeddable":true,"href":"https:\/\/diarioregionaldigital.com.br\/index.php?rest_route=%2Fwp%2Fv2%2Fcategories&post=182351"},{"taxonomy":"post_tag","embeddable":true,"href":"https:\/\/diarioregionaldigital.com.br\/index.php?rest_route=%2Fwp%2Fv2%2Ftags&post=182351"}],"curies":[{"name":"wp","href":"https:\/\/api.w.org\/{rel}","templated":true}]}}