{"id":182293,"date":"2021-05-12T17:32:51","date_gmt":"2021-05-12T20:32:51","guid":{"rendered":"https:\/\/diarioregionaldigital.com.br\/?p=182293"},"modified":"2021-05-12T17:32:51","modified_gmt":"2021-05-12T20:32:51","slug":"setor-de-servicos-cai-4-em-marco-e-volta-a-ficar-abaixo-do-patamar-pre-pandemia","status":"publish","type":"post","link":"https:\/\/diarioregionaldigital.com.br\/?p=182293","title":{"rendered":"Setor de servi\u00e7os cai 4% em mar\u00e7o e volta a ficar abaixo do patamar pr\u00e9-pandemia"},"content":{"rendered":"<p>O setor de servi\u00e7os apresentou queda de 4% na passagem de fevereiro para mar\u00e7o, voltando a ficar abaixo do patamar pr\u00e9-pandemia, de fevereiro de 2020. O resultado elimina boa parte do ganho do m\u00eas anterior, que foi de 4,6%, quando superou o n\u00edvel pr\u00e9-pandemia pela primeira vez.<\/p>\n<p>Na compara\u00e7\u00e3o com mar\u00e7o de 2020, o setor teve alta de 4,5%, ap\u00f3s 12 taxas negativas seguidas. J\u00e1 o fechamento do primeiro trimestre teve queda de 0,8% frente ao mesmo per\u00edodo de 2020. Com isso, o volume de servi\u00e7os apresenta a quinta queda consecutiva nas compara\u00e7\u00f5es trimestrais. O acumulado nos \u00faltimos 12 meses \u00e9 de -8%.<\/p>\n<p>Os dados s\u00e3o da Pesquisa Mensal de Servi\u00e7os (PMS), divulgada hoje (12), pelo IBGE. \u201cO setor mostrava um movimento de recupera\u00e7\u00e3o desde junho do ano passado e chegou a superar o patamar pr\u00e9-pandemia. Mas, com a queda em mar\u00e7o, encontra-se 2,8% abaixo do volume de fevereiro do ano passado\u201d, explica o gerente da pesquisa, Rodrigo Lobo.<\/p>\n<p>Tr\u00eas das cinco atividades investigadas na PMS tiveram queda, com destaque para o resultado de servi\u00e7os prestados \u00e0s fam\u00edlias, que caiu 27%, a taxa negativa mais intensa desde abril de 2020 (-46,5%). Tamb\u00e9m contribu\u00edram para o \u00edndice as quedas de transportes, servi\u00e7os auxiliares aos transportes e correio (-1,9%) e de profissionais, administrativos e complementares (-1,4%).<\/p>\n<p>Lobo explica que o resultado para essas atividades retrata o recrudescimento das medidas restritivas por conta do avan\u00e7o da pandemia da Covid-19 no pa\u00eds. \u201cForam menos impactantes do que mar\u00e7o de 2020, mas suficientes para fazer o setor de servi\u00e7o recuar e voltar ao patamar pr\u00e9-pandemia\u201d, salienta o analista.<\/p>\n<p>Regionalmente, pouco mais da metade (14 das 27) das unidades da federa\u00e7\u00e3o teve queda no volume de servi\u00e7os na passagem de fevereiro para mar\u00e7o. Entre os locais com taxas negativas, o impacto mais importante veio de S\u00e3o Paulo (-2,6%), seguido por Distrito Federal (-6,1%), Minas Gerais (-1,6%), Santa Catarina (-3,4%) e Rio de Janeiro (-0,8%). Em contrapartida, o Mato Grosso do Sul (11,8%) registrou a principal alta.<\/p>\n<p>Em compara\u00e7\u00e3o com mar\u00e7o de 2020, o volume do setor de servi\u00e7os cresceu 4,5% e interrompeu 12 taxas negativas seguidas neste indicador. O resultado deste m\u00eas apresentou\u00a0alta em quatro das cinco atividades de divulga\u00e7\u00e3o e contou ainda com crescimento em 45,2% dos 166 tipos de servi\u00e7os investigados.<\/p>\n<p>Influenciaram a alta os setores de transportes, servi\u00e7os auxiliares aos transportes e correio (8,8%) e os servi\u00e7os de informa\u00e7\u00e3o e comunica\u00e7\u00e3o (6,2%). Com menores impactos, outros servi\u00e7os (7,3%) e profissionais, administrativos e complementares (0,7%) tamb\u00e9m tiveram contribui\u00e7\u00f5es relevantes.<\/p>\n<p><strong>Sobre a pesquisa<\/strong><\/p>\n<p>A\u00a0<a href=\"https:\/\/www.ibge.gov.br\/estatisticas\/economicas\/servicos\/9229-pesquisa-mensal-de-servicos.html?=&amp;t=o-que-e\" target=\"_blank\" rel=\"noopener noreferrer\">PMS<\/a>\u00a0produz indicadores que permitem acompanhar o comportamento conjuntural do setor de servi\u00e7os no pa\u00eds, investigando a receita bruta de servi\u00e7os nas empresas formalmente constitu\u00eddas, com 20 ou mais pessoas ocupadas, que desempenham como principal atividade um servi\u00e7o n\u00e3o financeiro, exclu\u00eddas as \u00e1reas de sa\u00fade e educa\u00e7\u00e3o.<\/p>\n<p>H\u00e1 resultados para o Brasil e todas as unidades da federa\u00e7\u00e3o. A t\u00e9cnica de coleta \u00e9 o &#8211; Question\u00e1rio eletr\u00f4nico autopreenchido (CASI) e a Entrevista pessoal com question\u00e1rio em papel (PAPI). O resultados podem ser consultados no\u00a0<a href=\"https:\/\/sidra.ibge.gov.br\/home\/pms\/brasil\" target=\"_blank\" rel=\"noopener noreferrer\">Sidra<\/a>.<\/p>\n<p><span style=\"font-weight: 400;\"><br \/>\n<\/span><span style=\"font-weight: 400;\">Fonte: Ag\u00eancia IBGE<\/span><\/p>\n","protected":false},"excerpt":{"rendered":"<p>O setor de servi\u00e7os apresentou queda de 4% na passagem de fevereiro para mar\u00e7o, voltando a ficar abaixo do patamar pr\u00e9-pandemia, de fevereiro de 2020. O resultado elimina boa parte do ganho do m\u00eas anterior, que foi de 4,6%, quando superou o n\u00edvel pr\u00e9-pandemia pela primeira vez. Na compara\u00e7\u00e3o com mar\u00e7o de 2020, o setor [&hellip;]<\/p>\n","protected":false},"author":246,"featured_media":182294,"comment_status":"closed","ping_status":"closed","sticky":false,"template":"","format":"standard","meta":{"footnotes":""},"categories":[440,261,439],"tags":[],"class_list":["post-182293","post","type-post","status-publish","format-standard","has-post-thumbnail","hentry","category-destaques-do-dia","category-economia","category-ultima-hora"],"_links":{"self":[{"href":"https:\/\/diarioregionaldigital.com.br\/index.php?rest_route=\/wp\/v2\/posts\/182293","targetHints":{"allow":["GET"]}}],"collection":[{"href":"https:\/\/diarioregionaldigital.com.br\/index.php?rest_route=\/wp\/v2\/posts"}],"about":[{"href":"https:\/\/diarioregionaldigital.com.br\/index.php?rest_route=\/wp\/v2\/types\/post"}],"author":[{"embeddable":true,"href":"https:\/\/diarioregionaldigital.com.br\/index.php?rest_route=\/wp\/v2\/users\/246"}],"replies":[{"embeddable":true,"href":"https:\/\/diarioregionaldigital.com.br\/index.php?rest_route=%2Fwp%2Fv2%2Fcomments&post=182293"}],"version-history":[{"count":1,"href":"https:\/\/diarioregionaldigital.com.br\/index.php?rest_route=\/wp\/v2\/posts\/182293\/revisions"}],"predecessor-version":[{"id":182295,"href":"https:\/\/diarioregionaldigital.com.br\/index.php?rest_route=\/wp\/v2\/posts\/182293\/revisions\/182295"}],"wp:featuredmedia":[{"embeddable":true,"href":"https:\/\/diarioregionaldigital.com.br\/index.php?rest_route=\/wp\/v2\/media\/182294"}],"wp:attachment":[{"href":"https:\/\/diarioregionaldigital.com.br\/index.php?rest_route=%2Fwp%2Fv2%2Fmedia&parent=182293"}],"wp:term":[{"taxonomy":"category","embeddable":true,"href":"https:\/\/diarioregionaldigital.com.br\/index.php?rest_route=%2Fwp%2Fv2%2Fcategories&post=182293"},{"taxonomy":"post_tag","embeddable":true,"href":"https:\/\/diarioregionaldigital.com.br\/index.php?rest_route=%2Fwp%2Fv2%2Ftags&post=182293"}],"curies":[{"name":"wp","href":"https:\/\/api.w.org\/{rel}","templated":true}]}}