{"id":182280,"date":"2021-05-12T00:01:00","date_gmt":"2021-05-12T03:01:00","guid":{"rendered":"https:\/\/diarioregionaldigital.com.br\/?p=182280"},"modified":"2021-05-12T00:01:00","modified_gmt":"2021-05-12T03:01:00","slug":"policia-civil-prende-tres-homens-por-trafico-de-drogas-em-juiz-de-fora","status":"publish","type":"post","link":"https:\/\/diarioregionaldigital.com.br\/?p=182280","title":{"rendered":"Pol\u00edcia Civil prende tr\u00eas homens por tr\u00e1fico de drogas em Juiz de Fora"},"content":{"rendered":"<p>Na tarde desta ter\u00e7a-feira (11), a Pol\u00edcia Civil de Minas Gerais prendeu em flagrante tr\u00eas homens de 24, 25 e 28 anos por tr\u00e1fico il\u00edcito de drogas, na cidade de Juiz de Fora. A a\u00e7\u00e3o foi deflagrada nos bairros Linhares e Centro, onde foram apreendidas v\u00e1rias barras de maconha, centenas de pinos de coca\u00edna, pedras brutas de crack, balan\u00e7a de precis\u00e3o, r\u00e1dio comunicadores e dinheiro.<\/p>\n<p>Conforme informa\u00e7\u00f5es da assessoria, a pris\u00e3o efetuada hoje vem de trabalho investigativo, sendo realizado a praticamente um m\u00eas pelos policiais. Os tr\u00eas autores j\u00e1 s\u00e3o conhecidos no meio policial. A droga apreendida hoje, parte estava sendo entregue no Centro da cidade e uma outra quantidade foi encontrada numa casa, no bairro Linhares. Os tr\u00eas autores tiveram a pris\u00e3o ratificada e foram encaminhados para o sistema prisional.<\/p>\n","protected":false},"excerpt":{"rendered":"<p>Na tarde desta ter\u00e7a-feira (11), a Pol\u00edcia Civil de Minas Gerais prendeu em flagrante tr\u00eas homens de 24, 25 e 28 anos por tr\u00e1fico il\u00edcito de drogas, na cidade de Juiz de Fora. A a\u00e7\u00e3o foi deflagrada nos bairros Linhares e Centro, onde foram apreendidas v\u00e1rias barras de maconha, centenas de pinos de coca\u00edna, pedras [&hellip;]<\/p>\n","protected":false},"author":246,"featured_media":182281,"comment_status":"closed","ping_status":"closed","sticky":false,"template":"","format":"standard","meta":{"footnotes":""},"categories":[301,1229],"tags":[],"class_list":["post-182280","post","type-post","status-publish","format-standard","has-post-thumbnail","hentry","category-artigos-policiais","category-policial"],"_links":{"self":[{"href":"https:\/\/diarioregionaldigital.com.br\/index.php?rest_route=\/wp\/v2\/posts\/182280","targetHints":{"allow":["GET"]}}],"collection":[{"href":"https:\/\/diarioregionaldigital.com.br\/index.php?rest_route=\/wp\/v2\/posts"}],"about":[{"href":"https:\/\/diarioregionaldigital.com.br\/index.php?rest_route=\/wp\/v2\/types\/post"}],"author":[{"embeddable":true,"href":"https:\/\/diarioregionaldigital.com.br\/index.php?rest_route=\/wp\/v2\/users\/246"}],"replies":[{"embeddable":true,"href":"https:\/\/diarioregionaldigital.com.br\/index.php?rest_route=%2Fwp%2Fv2%2Fcomments&post=182280"}],"version-history":[{"count":1,"href":"https:\/\/diarioregionaldigital.com.br\/index.php?rest_route=\/wp\/v2\/posts\/182280\/revisions"}],"predecessor-version":[{"id":182282,"href":"https:\/\/diarioregionaldigital.com.br\/index.php?rest_route=\/wp\/v2\/posts\/182280\/revisions\/182282"}],"wp:featuredmedia":[{"embeddable":true,"href":"https:\/\/diarioregionaldigital.com.br\/index.php?rest_route=\/wp\/v2\/media\/182281"}],"wp:attachment":[{"href":"https:\/\/diarioregionaldigital.com.br\/index.php?rest_route=%2Fwp%2Fv2%2Fmedia&parent=182280"}],"wp:term":[{"taxonomy":"category","embeddable":true,"href":"https:\/\/diarioregionaldigital.com.br\/index.php?rest_route=%2Fwp%2Fv2%2Fcategories&post=182280"},{"taxonomy":"post_tag","embeddable":true,"href":"https:\/\/diarioregionaldigital.com.br\/index.php?rest_route=%2Fwp%2Fv2%2Ftags&post=182280"}],"curies":[{"name":"wp","href":"https:\/\/api.w.org\/{rel}","templated":true}]}}