{"id":182277,"date":"2021-05-12T06:00:51","date_gmt":"2021-05-12T09:00:51","guid":{"rendered":"https:\/\/diarioregionaldigital.com.br\/?p=182277"},"modified":"2021-05-12T00:34:05","modified_gmt":"2021-05-12T03:34:05","slug":"refinamento","status":"publish","type":"post","link":"https:\/\/diarioregionaldigital.com.br\/?p=182277","title":{"rendered":"Refinamento"},"content":{"rendered":"<p style=\"text-align: center;\"><strong>Milharal<\/strong><\/p>\n<p style=\"text-align: center;\">Em tempos de pandemia, o pre\u00e7o do milho n\u00e3o para de subir com a quebra da safra norte americana provocada, por exemplo, pela geada no estado de Dakota do Norte (USA). Resultado terr\u00edvel: o pre\u00e7o do frango, aqui deve aumentar 10% at\u00e9 julho.<\/p>\n<p style=\"text-align: center;\"><strong>Aten\u00e7\u00e3o Carnavalescos<\/strong><\/p>\n<p style=\"text-align: center;\">Pode guardar as fantasias, pois Carnaval de 2022 tamb\u00e9m esta amea\u00e7ado. No ritmo de vacina\u00e7\u00e3o atual, h\u00e1 o risco concreto de n\u00e3o haver Carnaval em 2022, pois haver\u00e1 dificuldade para atingir a imunidade coletiva at\u00e9 l\u00e1. Quem viver, ver\u00e1!<\/p>\n<p style=\"text-align: center;\"><strong>Refinamento<\/strong><\/p>\n<p style=\"text-align: center;\">A Farm criou uma linha de lou\u00e7as estampadas para incrementar o d\u00e9cor de mesa. H\u00e1 canecas cumbucas e pratos de sobremesa (R$ 59), al\u00e9m de pratos grandes (R$ 79). Vendas pelo site farmrio.com.br.<\/p>\n<p style=\"text-align: center;\"><strong>Brasileiro<\/strong><\/p>\n<p style=\"text-align: center;\">O Instituto para Reforma das Rela\u00e7\u00f5es entre Estado e Empresa (IREE) est\u00e1 patrocinando o curso \u201cEntre tambores e prociss\u00f5es: festas e frestas da brasilidade\u201d, com coordena\u00e7\u00e3o de Luiz Ant\u00f4nio Simas. O curso e voltado para aqueles que querem aprender mais sobre a forma\u00e7\u00e3o brasileira. Inscri\u00e7\u00f5es: Iree.org.br\/ entre tambores<\/p>\n<div id=\"attachment_182265\" style=\"width: 690px\" class=\"wp-caption aligncenter\"><img loading=\"lazy\" decoding=\"async\" aria-describedby=\"caption-attachment-182265\" class=\"wp-image-182265\" src=\"https:\/\/diarioregionaldigital.com.br\/wp-content\/uploads\/2021\/05\/fotoa-6-e1620788562441.jpg\" alt=\"\" width=\"680\" height=\"494\" srcset=\"https:\/\/diarioregionaldigital.com.br\/wp-content\/uploads\/2021\/05\/fotoa-6-e1620788562441.jpg 512w, https:\/\/diarioregionaldigital.com.br\/wp-content\/uploads\/2021\/05\/fotoa-6-e1620788562441-300x218.jpg 300w, https:\/\/diarioregionaldigital.com.br\/wp-content\/uploads\/2021\/05\/fotoa-6-e1620788562441-360x262.jpg 360w\" sizes=\"auto, (max-width: 680px) 100vw, 680px\" \/><p id=\"caption-attachment-182265\" class=\"wp-caption-text\">Filha de Tamara Mageste Resende e Ramon Resende, a linda estrelinha Lys Mageste Resende festejou seus 2 aninhos<\/p><\/div>\n<div id=\"attachment_182267\" style=\"width: 690px\" class=\"wp-caption aligncenter\"><img loading=\"lazy\" decoding=\"async\" aria-describedby=\"caption-attachment-182267\" class=\"wp-image-182267\" src=\"https:\/\/diarioregionaldigital.com.br\/wp-content\/uploads\/2021\/05\/fotob-5-e1620788624812.jpg\" alt=\"\" width=\"680\" height=\"482\" srcset=\"https:\/\/diarioregionaldigital.com.br\/wp-content\/uploads\/2021\/05\/fotob-5-e1620788624812.jpg 956w, https:\/\/diarioregionaldigital.com.br\/wp-content\/uploads\/2021\/05\/fotob-5-e1620788624812-300x213.jpg 300w, https:\/\/diarioregionaldigital.com.br\/wp-content\/uploads\/2021\/05\/fotob-5-e1620788624812-768x545.jpg 768w, https:\/\/diarioregionaldigital.com.br\/wp-content\/uploads\/2021\/05\/fotob-5-e1620788624812-750x530.jpg 750w, https:\/\/diarioregionaldigital.com.br\/wp-content\/uploads\/2021\/05\/fotob-5-e1620788624812-360x255.jpg 360w, https:\/\/diarioregionaldigital.com.br\/wp-content\/uploads\/2021\/05\/fotob-5-e1620788624812-100x70.jpg 100w\" sizes=\"auto, (max-width: 680px) 100vw, 680px\" \/><p id=\"caption-attachment-182267\" class=\"wp-caption-text\">Arrasando de norte a sul, leste e oeste, o bonit\u00e3o administrador Luciano Toledo<\/p><\/div>\n<div id=\"attachment_182268\" style=\"width: 690px\" class=\"wp-caption aligncenter\"><img loading=\"lazy\" decoding=\"async\" aria-describedby=\"caption-attachment-182268\" class=\"wp-image-182268\" src=\"https:\/\/diarioregionaldigital.com.br\/wp-content\/uploads\/2021\/05\/fotoc-6-e1620788736702.jpg\" alt=\"\" width=\"680\" height=\"454\" srcset=\"https:\/\/diarioregionaldigital.com.br\/wp-content\/uploads\/2021\/05\/fotoc-6-e1620788736702.jpg 869w, https:\/\/diarioregionaldigital.com.br\/wp-content\/uploads\/2021\/05\/fotoc-6-e1620788736702-300x200.jpg 300w, https:\/\/diarioregionaldigital.com.br\/wp-content\/uploads\/2021\/05\/fotoc-6-e1620788736702-768x513.jpg 768w, https:\/\/diarioregionaldigital.com.br\/wp-content\/uploads\/2021\/05\/fotoc-6-e1620788736702-360x240.jpg 360w\" sizes=\"auto, (max-width: 680px) 100vw, 680px\" \/><p id=\"caption-attachment-182268\" class=\"wp-caption-text\">Cristina Dutra antes da pandemia em Cancun<\/p><\/div>\n<div id=\"attachment_182260\" style=\"width: 690px\" class=\"wp-caption aligncenter\"><img loading=\"lazy\" decoding=\"async\" aria-describedby=\"caption-attachment-182260\" class=\"wp-image-182260\" src=\"https:\/\/diarioregionaldigital.com.br\/wp-content\/uploads\/2021\/05\/fotof-6.jpg\" alt=\"\" width=\"680\" height=\"453\" srcset=\"https:\/\/diarioregionaldigital.com.br\/wp-content\/uploads\/2021\/05\/fotof-6.jpg 552w, https:\/\/diarioregionaldigital.com.br\/wp-content\/uploads\/2021\/05\/fotof-6-300x200.jpg 300w, https:\/\/diarioregionaldigital.com.br\/wp-content\/uploads\/2021\/05\/fotof-6-360x240.jpg 360w\" sizes=\"auto, (max-width: 680px) 100vw, 680px\" \/><p id=\"caption-attachment-182260\" class=\"wp-caption-text\">Antes da pandemia na balada de J.F: Marcos Reink, Sidney Souza e Ivanir Cabral<\/p><\/div>\n<div id=\"attachment_182261\" style=\"width: 690px\" class=\"wp-caption aligncenter\"><img loading=\"lazy\" decoding=\"async\" aria-describedby=\"caption-attachment-182261\" class=\"wp-image-182261\" src=\"https:\/\/diarioregionaldigital.com.br\/wp-content\/uploads\/2021\/05\/fotog-6-e1620789395921.jpg\" alt=\"\" width=\"680\" height=\"503\" srcset=\"https:\/\/diarioregionaldigital.com.br\/wp-content\/uploads\/2021\/05\/fotog-6-e1620789395921.jpg 691w, https:\/\/diarioregionaldigital.com.br\/wp-content\/uploads\/2021\/05\/fotog-6-e1620789395921-300x222.jpg 300w, https:\/\/diarioregionaldigital.com.br\/wp-content\/uploads\/2021\/05\/fotog-6-e1620789395921-360x266.jpg 360w\" sizes=\"auto, (max-width: 680px) 100vw, 680px\" \/><p id=\"caption-attachment-182261\" class=\"wp-caption-text\">As iluminadas Elenita de Paulo e Luciana Loures, antes da pandemia<\/p><\/div>\n<div id=\"attachment_182264\" style=\"width: 690px\" class=\"wp-caption aligncenter\"><img loading=\"lazy\" decoding=\"async\" aria-describedby=\"caption-attachment-182264\" class=\"wp-image-182264\" src=\"https:\/\/diarioregionaldigital.com.br\/wp-content\/uploads\/2021\/05\/fotod-6-e1620788804471.jpg\" alt=\"\" width=\"680\" height=\"468\" srcset=\"https:\/\/diarioregionaldigital.com.br\/wp-content\/uploads\/2021\/05\/fotod-6-e1620788804471.jpg 685w, https:\/\/diarioregionaldigital.com.br\/wp-content\/uploads\/2021\/05\/fotod-6-e1620788804471-300x206.jpg 300w, https:\/\/diarioregionaldigital.com.br\/wp-content\/uploads\/2021\/05\/fotod-6-e1620788804471-360x248.jpg 360w, https:\/\/diarioregionaldigital.com.br\/wp-content\/uploads\/2021\/05\/fotod-6-e1620788804471-100x70.jpg 100w\" sizes=\"auto, (max-width: 680px) 100vw, 680px\" \/><p id=\"caption-attachment-182264\" class=\"wp-caption-text\">As g\u00eameas Caroline e Let\u00edcia comemoraram seus 15 anos com seus pais Ishmael Galv\u00e3o e Cris Andrade no Windsor Marapendi na Barra (RJ)<\/p><\/div>\n<div id=\"attachment_182266\" style=\"width: 690px\" class=\"wp-caption aligncenter\"><img loading=\"lazy\" decoding=\"async\" aria-describedby=\"caption-attachment-182266\" class=\"wp-image-182266\" src=\"https:\/\/diarioregionaldigital.com.br\/wp-content\/uploads\/2021\/05\/fotoaa-e1620789943777.jpg\" alt=\"\" width=\"680\" height=\"453\" srcset=\"https:\/\/diarioregionaldigital.com.br\/wp-content\/uploads\/2021\/05\/fotoaa-e1620789943777.jpg 1157w, https:\/\/diarioregionaldigital.com.br\/wp-content\/uploads\/2021\/05\/fotoaa-e1620789943777-300x200.jpg 300w, https:\/\/diarioregionaldigital.com.br\/wp-content\/uploads\/2021\/05\/fotoaa-e1620789943777-1024x681.jpg 1024w, https:\/\/diarioregionaldigital.com.br\/wp-content\/uploads\/2021\/05\/fotoaa-e1620789943777-768x511.jpg 768w, https:\/\/diarioregionaldigital.com.br\/wp-content\/uploads\/2021\/05\/fotoaa-e1620789943777-360x240.jpg 360w\" sizes=\"auto, (max-width: 680px) 100vw, 680px\" \/><p id=\"caption-attachment-182266\" class=\"wp-caption-text\">No almo\u00e7o do Brasador esperando dias melhores, Jorge Sanglard, Luiz Bertges e Marco Aur\u00e9lio Serra<\/p><\/div>\n<p style=\"text-align: center;\"><strong>FOTOSS\u00cdNTESE<\/strong><\/p>\n<p>Dentro da Semana Municipal do Idoso, hoje 12\/05 o destaque \u00e9 a palestra com o Geriatra Dr. Ant\u00f4nio Godinho com tema \u201cO que podemos fazer para n\u00e3o perder a mem\u00f3ria?\u201d. As 16h, pela TV C\u00e2mara, Canal 35.1.<\/p>\n<p>Em estilo \u00fanico, Rafael Serra usa a influ\u00eancia do Clube de Esquina a lan\u00e7a primeiro \u00e1lbum autoral como artista solo. O m\u00fasico, escritor e quadrinista re\u00fane em \u201cReenvolver\u201d amigos letristas em \u00e1lbum autoral.<\/p>\n<p>Muitos juiz-foranos foram curtir feriado na reabertura do Parque Estadual de Ibitipoca. Por l\u00e1 Priscila Soldati e Alessandra Matos.<\/p>\n<p>Para celebrar 30 anos de cantoria, o grupo mineiro Pato Fu lan\u00e7ou cole\u00e7\u00e3o de camisas na Chico Rei, com estampas da capa do \u00e1lbum \u201cRotomusic de Liquidificapum\u201d de 1993.<\/p>\n<p>Rosani Martins de setor de capta\u00e7\u00e3o do Hemominas, solicita doa\u00e7\u00e3o de sangue para todos os tipos de sangue pois o estoque est\u00e1 baixo. Os agendamentos podem ser feitos no site ou pelo aplicativo MG app. Voc\u00ea pode salvar uma vida.<\/p>\n<p>A Odysse, plataforma de v\u00eddeos, lan\u00e7ou homepage brasileira.<\/p>\n<p>De apurad\u00edssimo bom gosto a cole\u00e7\u00e3o outono da loja Veneno, no Mister Shopping 1\u00ba piso. Lucinha Silva evidencia seu apurad\u00edssimo bom gosto.<\/p>\n<p>Humor: Relacionamento \u00e9 igual moto, s\u00f3 cabe dois, mas tem gente que n\u00e3o entende. Bom dia.<\/p>\n<p><img loading=\"lazy\" decoding=\"async\" class=\"aligncenter size-full wp-image-182269\" src=\"https:\/\/diarioregionaldigital.com.br\/wp-content\/uploads\/2021\/05\/anuncio16-scaled.jpg\" alt=\"\" width=\"2560\" height=\"994\" srcset=\"https:\/\/diarioregionaldigital.com.br\/wp-content\/uploads\/2021\/05\/anuncio16-scaled.jpg 2560w, https:\/\/diarioregionaldigital.com.br\/wp-content\/uploads\/2021\/05\/anuncio16-300x116.jpg 300w, https:\/\/diarioregionaldigital.com.br\/wp-content\/uploads\/2021\/05\/anuncio16-1024x398.jpg 1024w, https:\/\/diarioregionaldigital.com.br\/wp-content\/uploads\/2021\/05\/anuncio16-768x298.jpg 768w, https:\/\/diarioregionaldigital.com.br\/wp-content\/uploads\/2021\/05\/anuncio16-1536x596.jpg 1536w, https:\/\/diarioregionaldigital.com.br\/wp-content\/uploads\/2021\/05\/anuncio16-2048x795.jpg 2048w, https:\/\/diarioregionaldigital.com.br\/wp-content\/uploads\/2021\/05\/anuncio16-360x140.jpg 360w\" sizes=\"auto, (max-width: 2560px) 100vw, 2560px\" \/><\/p>\n","protected":false},"excerpt":{"rendered":"<p>Milharal Em tempos de pandemia, o pre\u00e7o do milho n\u00e3o para de subir com a quebra da safra norte americana provocada, por exemplo, pela geada no estado de Dakota do Norte (USA). Resultado terr\u00edvel: o pre\u00e7o do frango, aqui deve aumentar 10% at\u00e9 julho. Aten\u00e7\u00e3o Carnavalescos Pode guardar as fantasias, pois Carnaval de 2022 tamb\u00e9m [&hellip;]<\/p>\n","protected":false},"author":253,"featured_media":182265,"comment_status":"closed","ping_status":"closed","sticky":false,"template":"","format":"standard","meta":{"footnotes":""},"categories":[264],"tags":[],"class_list":["post-182277","post","type-post","status-publish","format-standard","has-post-thumbnail","hentry","category-eduardo-gomes"],"_links":{"self":[{"href":"https:\/\/diarioregionaldigital.com.br\/index.php?rest_route=\/wp\/v2\/posts\/182277","targetHints":{"allow":["GET"]}}],"collection":[{"href":"https:\/\/diarioregionaldigital.com.br\/index.php?rest_route=\/wp\/v2\/posts"}],"about":[{"href":"https:\/\/diarioregionaldigital.com.br\/index.php?rest_route=\/wp\/v2\/types\/post"}],"author":[{"embeddable":true,"href":"https:\/\/diarioregionaldigital.com.br\/index.php?rest_route=\/wp\/v2\/users\/253"}],"replies":[{"embeddable":true,"href":"https:\/\/diarioregionaldigital.com.br\/index.php?rest_route=%2Fwp%2Fv2%2Fcomments&post=182277"}],"version-history":[{"count":2,"href":"https:\/\/diarioregionaldigital.com.br\/index.php?rest_route=\/wp\/v2\/posts\/182277\/revisions"}],"predecessor-version":[{"id":182284,"href":"https:\/\/diarioregionaldigital.com.br\/index.php?rest_route=\/wp\/v2\/posts\/182277\/revisions\/182284"}],"wp:featuredmedia":[{"embeddable":true,"href":"https:\/\/diarioregionaldigital.com.br\/index.php?rest_route=\/wp\/v2\/media\/182265"}],"wp:attachment":[{"href":"https:\/\/diarioregionaldigital.com.br\/index.php?rest_route=%2Fwp%2Fv2%2Fmedia&parent=182277"}],"wp:term":[{"taxonomy":"category","embeddable":true,"href":"https:\/\/diarioregionaldigital.com.br\/index.php?rest_route=%2Fwp%2Fv2%2Fcategories&post=182277"},{"taxonomy":"post_tag","embeddable":true,"href":"https:\/\/diarioregionaldigital.com.br\/index.php?rest_route=%2Fwp%2Fv2%2Ftags&post=182277"}],"curies":[{"name":"wp","href":"https:\/\/api.w.org\/{rel}","templated":true}]}}