{"id":182274,"date":"2021-05-11T23:51:29","date_gmt":"2021-05-12T02:51:29","guid":{"rendered":"https:\/\/diarioregionaldigital.com.br\/?p=182274"},"modified":"2021-05-11T23:51:29","modified_gmt":"2021-05-12T02:51:29","slug":"policia-militar-atende-vitima-de-tentativa-de-roubo-no-bairro-bom-pastor","status":"publish","type":"post","link":"https:\/\/diarioregionaldigital.com.br\/?p=182274","title":{"rendered":"Pol\u00edcia Militar atende v\u00edtima de tentativa de roubo no bairro Bom Pastor"},"content":{"rendered":"<p>Na madrugada de ter\u00e7a-feira, 11Mai21, por volta das 00h17min, a Pol\u00edcia Militar foi acionada via COPOM a comparecer na Rua Vicente Ad\u00e3o Botti, bairro Bom Pastor, para atendimento a um porteiro, homem de 45 anos, v\u00edtima de poss\u00edvel roubo. Segundo relato, estava no seu local de trabalho quando visualizou dois suspeitos, um deles com uma arma. Os indiv\u00edduos acessaram o local, momento em que a v\u00edtima, em ato cont\u00ednuo, entrou para o c\u00f4modo da portaria e armado com um porrete come\u00e7ou a bater na porta e gritar, fazendo com que os autores evadissem do local. Foi realizado intenso rastreamento, que segue.<\/p>\n","protected":false},"excerpt":{"rendered":"<p>Na madrugada de ter\u00e7a-feira, 11Mai21, por volta das 00h17min, a Pol\u00edcia Militar foi acionada via COPOM a comparecer na Rua Vicente Ad\u00e3o Botti, bairro Bom Pastor, para atendimento a um porteiro, homem de 45 anos, v\u00edtima de poss\u00edvel roubo. Segundo relato, estava no seu local de trabalho quando visualizou dois suspeitos, um deles com uma [&hellip;]<\/p>\n","protected":false},"author":246,"featured_media":182275,"comment_status":"closed","ping_status":"closed","sticky":false,"template":"","format":"standard","meta":{"footnotes":""},"categories":[301,1229],"tags":[],"class_list":["post-182274","post","type-post","status-publish","format-standard","has-post-thumbnail","hentry","category-artigos-policiais","category-policial"],"_links":{"self":[{"href":"https:\/\/diarioregionaldigital.com.br\/index.php?rest_route=\/wp\/v2\/posts\/182274","targetHints":{"allow":["GET"]}}],"collection":[{"href":"https:\/\/diarioregionaldigital.com.br\/index.php?rest_route=\/wp\/v2\/posts"}],"about":[{"href":"https:\/\/diarioregionaldigital.com.br\/index.php?rest_route=\/wp\/v2\/types\/post"}],"author":[{"embeddable":true,"href":"https:\/\/diarioregionaldigital.com.br\/index.php?rest_route=\/wp\/v2\/users\/246"}],"replies":[{"embeddable":true,"href":"https:\/\/diarioregionaldigital.com.br\/index.php?rest_route=%2Fwp%2Fv2%2Fcomments&post=182274"}],"version-history":[{"count":1,"href":"https:\/\/diarioregionaldigital.com.br\/index.php?rest_route=\/wp\/v2\/posts\/182274\/revisions"}],"predecessor-version":[{"id":182276,"href":"https:\/\/diarioregionaldigital.com.br\/index.php?rest_route=\/wp\/v2\/posts\/182274\/revisions\/182276"}],"wp:featuredmedia":[{"embeddable":true,"href":"https:\/\/diarioregionaldigital.com.br\/index.php?rest_route=\/wp\/v2\/media\/182275"}],"wp:attachment":[{"href":"https:\/\/diarioregionaldigital.com.br\/index.php?rest_route=%2Fwp%2Fv2%2Fmedia&parent=182274"}],"wp:term":[{"taxonomy":"category","embeddable":true,"href":"https:\/\/diarioregionaldigital.com.br\/index.php?rest_route=%2Fwp%2Fv2%2Fcategories&post=182274"},{"taxonomy":"post_tag","embeddable":true,"href":"https:\/\/diarioregionaldigital.com.br\/index.php?rest_route=%2Fwp%2Fv2%2Ftags&post=182274"}],"curies":[{"name":"wp","href":"https:\/\/api.w.org\/{rel}","templated":true}]}}