{"id":182271,"date":"2021-05-11T23:48:55","date_gmt":"2021-05-12T02:48:55","guid":{"rendered":"https:\/\/diarioregionaldigital.com.br\/?p=182271"},"modified":"2021-05-11T23:48:55","modified_gmt":"2021-05-12T02:48:55","slug":"minas-gerais-ultrapassa-a-marca-de-36-mil-obitos-por-covid-19-desde-o-inicio-da-pandemia","status":"publish","type":"post","link":"https:\/\/diarioregionaldigital.com.br\/?p=182271","title":{"rendered":"Minas Gerais ultrapassa a marca de 36 mil \u00f3bitos por Covid-19 desde o in\u00edcio da pandemia"},"content":{"rendered":"<div class=\"evo-entry-content entry-content\">\n<p>A Secretaria de Estado da Sa\u00fade de Minas Gerais (SES-MG), publicou nesta ter\u00e7a-feira (11), o <a href=\"https:\/\/coronavirus.saude.mg.gov.br\/images\/1_2021\/01-boletim\/05-maio\/11-05_COVID-19_BOLETIM20210511.pdf\">novo boletim<\/a> referente ao Coronav\u00edrus. O levantamento aponta que o estado notificou mais 6.872\u00a0 novos casos da doen\u00e7a, totalizando 1.423.717 pessoas infectadas. Os dados indicam que foram registradas mais 60 mortes, contabilizando 36.122\u00a0 \u00f3bitos.<\/p>\n<p>Al\u00e9m disso, 1.314.150 pacientes est\u00e3o recuperados da doen\u00e7a, representando 92\u00a0 % dos casos. Quanto aos dados de hospitaliza\u00e7\u00e3o, 123.307 estiveram internados e 1.300.410 j\u00e1 fizeram isolamento domiciliar. At\u00e9 o momento, 3.837.764 pessoas receberam a primeira dose da vacina e 1.944.202 a segunda.<\/p>\n<\/div>\n<div class=\"evo-single-footer\">\n<div class=\"evo-post-directions\">\n<div class=\"evo-post-directions-inner\">\n<div class=\"evo-prev-post\"><\/div>\n<\/div>\n<\/div>\n<\/div>\n","protected":false},"excerpt":{"rendered":"<p>A Secretaria de Estado da Sa\u00fade de Minas Gerais (SES-MG), publicou nesta ter\u00e7a-feira (11), o novo boletim referente ao Coronav\u00edrus. O levantamento aponta que o estado notificou mais 6.872\u00a0 novos casos da doen\u00e7a, totalizando 1.423.717 pessoas infectadas. Os dados indicam que foram registradas mais 60 mortes, contabilizando 36.122\u00a0 \u00f3bitos. Al\u00e9m disso, 1.314.150 pacientes est\u00e3o recuperados [&hellip;]<\/p>\n","protected":false},"author":246,"featured_media":182272,"comment_status":"closed","ping_status":"closed","sticky":false,"template":"","format":"standard","meta":{"footnotes":""},"categories":[252],"tags":[],"class_list":["post-182271","post","type-post","status-publish","format-standard","has-post-thumbnail","hentry","category-regiao"],"_links":{"self":[{"href":"https:\/\/diarioregionaldigital.com.br\/index.php?rest_route=\/wp\/v2\/posts\/182271","targetHints":{"allow":["GET"]}}],"collection":[{"href":"https:\/\/diarioregionaldigital.com.br\/index.php?rest_route=\/wp\/v2\/posts"}],"about":[{"href":"https:\/\/diarioregionaldigital.com.br\/index.php?rest_route=\/wp\/v2\/types\/post"}],"author":[{"embeddable":true,"href":"https:\/\/diarioregionaldigital.com.br\/index.php?rest_route=\/wp\/v2\/users\/246"}],"replies":[{"embeddable":true,"href":"https:\/\/diarioregionaldigital.com.br\/index.php?rest_route=%2Fwp%2Fv2%2Fcomments&post=182271"}],"version-history":[{"count":1,"href":"https:\/\/diarioregionaldigital.com.br\/index.php?rest_route=\/wp\/v2\/posts\/182271\/revisions"}],"predecessor-version":[{"id":182273,"href":"https:\/\/diarioregionaldigital.com.br\/index.php?rest_route=\/wp\/v2\/posts\/182271\/revisions\/182273"}],"wp:featuredmedia":[{"embeddable":true,"href":"https:\/\/diarioregionaldigital.com.br\/index.php?rest_route=\/wp\/v2\/media\/182272"}],"wp:attachment":[{"href":"https:\/\/diarioregionaldigital.com.br\/index.php?rest_route=%2Fwp%2Fv2%2Fmedia&parent=182271"}],"wp:term":[{"taxonomy":"category","embeddable":true,"href":"https:\/\/diarioregionaldigital.com.br\/index.php?rest_route=%2Fwp%2Fv2%2Fcategories&post=182271"},{"taxonomy":"post_tag","embeddable":true,"href":"https:\/\/diarioregionaldigital.com.br\/index.php?rest_route=%2Fwp%2Fv2%2Ftags&post=182271"}],"curies":[{"name":"wp","href":"https:\/\/api.w.org\/{rel}","templated":true}]}}