{"id":182258,"date":"2021-05-11T19:24:41","date_gmt":"2021-05-11T22:24:41","guid":{"rendered":"https:\/\/diarioregionaldigital.com.br\/?p=182258"},"modified":"2021-05-11T19:24:41","modified_gmt":"2021-05-11T22:24:41","slug":"escolas-municipais-recebem-visita-da-secretaria-de-educacao","status":"publish","type":"post","link":"https:\/\/diarioregionaldigital.com.br\/?p=182258","title":{"rendered":"Escolas municipais recebem visita da Secret\u00e1ria de Educa\u00e7\u00e3o"},"content":{"rendered":"<p>A secret\u00e1ria de Educa\u00e7\u00e3o, N\u00e1dia Ribas, visitou as Escolas Municipais \u00c1lvaro Braga de Ara\u00fajo, no bairro Dom Bosco; Santos Dumont, no bairro hom\u00f4nimo; e Jos\u00e9 Calil Ahouagi, no Maril\u00e2ndia, na\u00a0segunda-feira, 10.<\/p>\n<p>Segundo informa\u00e7\u00f5es do site da Prefeitura de Juiz de Fora, as visitas fazem parte do movimento realizado desde o in\u00edcio da atual gest\u00e3o, com a equipe da Secretaria de Educa\u00e7\u00e3o (SE) da Prefeitura de Juiz de Fora (PJF), trabalhando em conjunto com as escolas municipais e as institui\u00e7\u00f5es parceiras (creches) do munic\u00edpio.<\/p>\n<p>Bons resultados tem sido gerado para as unidades com esse processo de aproxima\u00e7\u00e3o, di\u00e1logo e escuta atenta da SE, que \u00e9 composto por orienta\u00e7\u00f5es t\u00e9cnicas e a otimiza\u00e7\u00e3o de processos administrativos. T\u00e9cnicos do Departamento de Execu\u00e7\u00e3o Instrumental (Dein) da SE orientam diretoras(es) e vice-diretoras(es), em visitas \u00e0s escolas, por exemplo, em rela\u00e7\u00e3o ao Programa Nossa Escola (PNE) emergencial, indicando possibilidades adequadas neste contexto de excepcionalidade.<\/p>\n<p>A secret\u00e1ria de Educa\u00e7\u00e3o esteve acompanhada da gerente do Dein da SE, Ana Cec\u00edlia Francisquini, no ciclo de visitas iniciado na segunda-feira, 10. \u201cAs equipes t\u00eam trabalhado bastante e enfrentado com empenho as adversidades para garantir a aprendizagem das(os) estudantes durante a pandemia. Nesta semana, estaremos em 21 escolas para acompanhar os trabalhos que est\u00e3o sendo realizados. Nos meses de maio e junho, visitaremos escolas e creches, aproveitando tamb\u00e9m esses encontros para uma discuss\u00e3o pedag\u00f3gica mais direta com diretoras(es) e vice-diretoras(es) das escolas e com coordenadoras(es) das creches\u201d, destacou N\u00e1dia.<\/p>\n<p>A gest\u00e3o da SE consegue conhecer de perto as obras e adequa\u00e7\u00f5es na estrutura f\u00edsica das escolas, realizadas para aumentar a ventila\u00e7\u00e3o nos ambientes mediante \u00e0s visitas, entre outras medidas de combate \u00e0 dissemina\u00e7\u00e3o do coronav\u00edrus no espa\u00e7o escolar.<\/p>\n","protected":false},"excerpt":{"rendered":"<p>A secret\u00e1ria de Educa\u00e7\u00e3o, N\u00e1dia Ribas, visitou as Escolas Municipais \u00c1lvaro Braga de Ara\u00fajo, no bairro Dom Bosco; Santos Dumont, no bairro hom\u00f4nimo; e Jos\u00e9 Calil Ahouagi, no Maril\u00e2ndia, na\u00a0segunda-feira, 10. Segundo informa\u00e7\u00f5es do site da Prefeitura de Juiz de Fora, as visitas fazem parte do movimento realizado desde o in\u00edcio da atual gest\u00e3o, com [&hellip;]<\/p>\n","protected":false},"author":246,"featured_media":182262,"comment_status":"closed","ping_status":"closed","sticky":false,"template":"","format":"standard","meta":{"footnotes":""},"categories":[253,439],"tags":[],"class_list":["post-182258","post","type-post","status-publish","format-standard","has-post-thumbnail","hentry","category-cidade","category-ultima-hora"],"_links":{"self":[{"href":"https:\/\/diarioregionaldigital.com.br\/index.php?rest_route=\/wp\/v2\/posts\/182258","targetHints":{"allow":["GET"]}}],"collection":[{"href":"https:\/\/diarioregionaldigital.com.br\/index.php?rest_route=\/wp\/v2\/posts"}],"about":[{"href":"https:\/\/diarioregionaldigital.com.br\/index.php?rest_route=\/wp\/v2\/types\/post"}],"author":[{"embeddable":true,"href":"https:\/\/diarioregionaldigital.com.br\/index.php?rest_route=\/wp\/v2\/users\/246"}],"replies":[{"embeddable":true,"href":"https:\/\/diarioregionaldigital.com.br\/index.php?rest_route=%2Fwp%2Fv2%2Fcomments&post=182258"}],"version-history":[{"count":1,"href":"https:\/\/diarioregionaldigital.com.br\/index.php?rest_route=\/wp\/v2\/posts\/182258\/revisions"}],"predecessor-version":[{"id":182263,"href":"https:\/\/diarioregionaldigital.com.br\/index.php?rest_route=\/wp\/v2\/posts\/182258\/revisions\/182263"}],"wp:featuredmedia":[{"embeddable":true,"href":"https:\/\/diarioregionaldigital.com.br\/index.php?rest_route=\/wp\/v2\/media\/182262"}],"wp:attachment":[{"href":"https:\/\/diarioregionaldigital.com.br\/index.php?rest_route=%2Fwp%2Fv2%2Fmedia&parent=182258"}],"wp:term":[{"taxonomy":"category","embeddable":true,"href":"https:\/\/diarioregionaldigital.com.br\/index.php?rest_route=%2Fwp%2Fv2%2Fcategories&post=182258"},{"taxonomy":"post_tag","embeddable":true,"href":"https:\/\/diarioregionaldigital.com.br\/index.php?rest_route=%2Fwp%2Fv2%2Ftags&post=182258"}],"curies":[{"name":"wp","href":"https:\/\/api.w.org\/{rel}","templated":true}]}}