{"id":182255,"date":"2021-05-11T19:18:51","date_gmt":"2021-05-11T22:18:51","guid":{"rendered":"https:\/\/diarioregionaldigital.com.br\/?p=182255"},"modified":"2021-05-11T19:18:51","modified_gmt":"2021-05-11T22:18:51","slug":"alteracoes-no-programa-juiz-de-fora-pela-vida-sao-divulgadas-pela-pjf","status":"publish","type":"post","link":"https:\/\/diarioregionaldigital.com.br\/?p=182255","title":{"rendered":"Altera\u00e7\u00f5es no programa Juiz de Fora pela Vida s\u00e3o divulgadas pela PJF"},"content":{"rendered":"<p>Foi divulgado nesta ter\u00e7a-feira, 11, pela \u00a0Prefeitura de Juiz de Fora (PJF) altera\u00e7\u00f5es no programa \u201cJuiz de Fora pela Vida\u201d, com a libera\u00e7\u00e3o de eventos de pequeno porte, seguindo r\u00edgidos protocolos de seguran\u00e7a, na Faixa Vermelha do programa. Tamb\u00e9m est\u00e1 permitido o funcionamento de restaurantes e lanchonetes no interior de clubes, nas mesmas condi\u00e7\u00f5es e dias permitidos aos setores.<\/p>\n<p>Segundo informa\u00e7\u00f5es do site da Prefeitura de Juiz de Fora, na Faixa Vermelha, a pr\u00e1tica de atividades f\u00edsicas como t\u00eanis e peteca s\u00e3o permitidas, com uma pessoa por lado na quadra. As outras atividades como v\u00f4lei e futev\u00f4lei tamb\u00e9m podem ser realizadas na modalidade de treinamento, desde que respeitado o protocolo com um pessoa por lado da quadra.<\/p>\n<p>\u201cA nota t\u00e9cnica \u00e9 um avan\u00e7o no que diz respeito \u00e0 retomada consciente do setor de turismo, eventos, lazer e entretenimento, resultado de uma constru\u00e7\u00e3o coletiva, que envolve v\u00e1rias secretarias da Prefeitura Municipal de Juiz de Fora, em conjunto com associa\u00e7\u00f5es representativas da classe\u201d, destaca o secret\u00e1rio de Turismo, Marcelo do Carmo.<\/p>\n<p>\u201cComo \u00e9 caracter\u00edstica dessa administra\u00e7\u00e3o, as mudan\u00e7as foram pautadas na preserva\u00e7\u00e3o da vida e na observa\u00e7\u00e3o criteriosa de protocolos de biosseguran\u00e7a e \u00edndices epidemiol\u00f3gicos. A partir da nota t\u00e9cnica, a Setur se re\u00fane amanh\u00e3, 12 de maio, com as equipes organizadoras dos eventos-teste (ocorridos em mar\u00e7o), para continuar o processo de capacita\u00e7\u00e3o para a retomada das atividades\u201d.<\/p>\n<p><b>Juiz de Fora permanece na Faixa Vermelha do \u201cJuiz de Fora pela Vida\u201d<\/b><\/p>\n<p>Juiz de Fora permanece na Faixa Vermelha do programa municipal de enfrentamento \u00e0 Covid-19, Juiz de Fora pela Vida. Em nota de esclarecimento, tamb\u00e9m divulgada nesta ter\u00e7a-feira, 11, o coordenador do F\u00f3rum Juiz de Fora em Defesa da Vida, Ignacio Delgado, explica que o Programa municipal \u201cvale-se da m\u00e9trica sugerida pelo Conasens (Conselho Nacional de Secretarias Municipais de Sa\u00fade) e faz a apura\u00e7\u00e3o da semana epidemiol\u00f3gica na semana exatamente anterior a de eventuais mudan\u00e7as nas faixas do programa, ao contr\u00e1rio do programa estadual (Minas Consciente), que efetua a mudan\u00e7a com uma semana ap\u00f3s a apura\u00e7\u00e3o dos dados que instruem a mudan\u00e7a de faixas. Por isso, conquanto haja similaridade nas m\u00e9tricas, os prazos de defini\u00e7\u00e3o das condi\u00e7\u00f5es epidemiol\u00f3gicas no programa municipal tornam-no mais atualizado e sens\u00edvel \u00e0 situa\u00e7\u00e3o real do munic\u00edpio.\u201d<\/p>\n<p>\u201cNesta semana [10 a 17 de maio], permanecemos na Faixa Vermelha, com vi\u00e9s de melhora nas condi\u00e7\u00f5es epidemiol\u00f3gicas. Outra caracter\u00edstica do programa \u00e9 a oportunidade que d\u00e1 de di\u00e1logo permanente com os diversos setores, com o que, ap\u00f3s avalia\u00e7\u00e3o da \u00e1rea de sa\u00fade e consulta ao Comit\u00ea Cient\u00edfico, \u00e9 poss\u00edvel fazer mudan\u00e7as pontuais em seus dispositivos gerais e\/ou arranjos definidos nas faixas.\u201d, finaliza a nota.<\/p>\n<p><b>Veja as condi\u00e7\u00f5es de realiza\u00e7\u00e3o de eventos:<\/b><\/p>\n<p>Faixa vermelha: Capacidade m\u00e1xima de 40 pessoas, incluindo staff. 1 pessoa por 4m\u00b2. 30% da capacidade do espa\u00e7o.<br \/>\nFaixa laranja: Capacidade m\u00e1xima de 80 pessoas, incluindo staff. 1 pessoa por 4m\u00b2. 50% da capacidade do espa\u00e7o.<br \/>\nFaixa amarela: Capacidade m\u00e1xima de 160 pessoas, incluindo staff. 1 pessoa por 4m\u00b2. 60% da capacidade do espa\u00e7o.<\/p>\n<p>Os eventos precisam ser autorizados pela Secretaria de Sustentabilidade em Meio Ambiente e Atividades Urbanas (Sesmaur) em todas as faixas. Os protocolos de biosseguran\u00e7a est\u00e3o dispon\u00edveis na <a href=\"https:\/\/covid19.pjf.mg.gov.br\/arquivos\/110521_nt6_protocolos.pdf\"><b>Nota T\u00e9cnica 6 do Juiz de Fora pela Vida<\/b><\/a>, publicada nesta ter\u00e7a-feira, no site do programa.<\/p>\n","protected":false},"excerpt":{"rendered":"<p>Foi divulgado nesta ter\u00e7a-feira, 11, pela \u00a0Prefeitura de Juiz de Fora (PJF) altera\u00e7\u00f5es no programa \u201cJuiz de Fora pela Vida\u201d, com a libera\u00e7\u00e3o de eventos de pequeno porte, seguindo r\u00edgidos protocolos de seguran\u00e7a, na Faixa Vermelha do programa. Tamb\u00e9m est\u00e1 permitido o funcionamento de restaurantes e lanchonetes no interior de clubes, nas mesmas condi\u00e7\u00f5es e [&hellip;]<\/p>\n","protected":false},"author":246,"featured_media":182256,"comment_status":"closed","ping_status":"closed","sticky":false,"template":"","format":"standard","meta":{"footnotes":""},"categories":[253,440],"tags":[],"class_list":["post-182255","post","type-post","status-publish","format-standard","has-post-thumbnail","hentry","category-cidade","category-destaques-do-dia"],"_links":{"self":[{"href":"https:\/\/diarioregionaldigital.com.br\/index.php?rest_route=\/wp\/v2\/posts\/182255","targetHints":{"allow":["GET"]}}],"collection":[{"href":"https:\/\/diarioregionaldigital.com.br\/index.php?rest_route=\/wp\/v2\/posts"}],"about":[{"href":"https:\/\/diarioregionaldigital.com.br\/index.php?rest_route=\/wp\/v2\/types\/post"}],"author":[{"embeddable":true,"href":"https:\/\/diarioregionaldigital.com.br\/index.php?rest_route=\/wp\/v2\/users\/246"}],"replies":[{"embeddable":true,"href":"https:\/\/diarioregionaldigital.com.br\/index.php?rest_route=%2Fwp%2Fv2%2Fcomments&post=182255"}],"version-history":[{"count":1,"href":"https:\/\/diarioregionaldigital.com.br\/index.php?rest_route=\/wp\/v2\/posts\/182255\/revisions"}],"predecessor-version":[{"id":182257,"href":"https:\/\/diarioregionaldigital.com.br\/index.php?rest_route=\/wp\/v2\/posts\/182255\/revisions\/182257"}],"wp:featuredmedia":[{"embeddable":true,"href":"https:\/\/diarioregionaldigital.com.br\/index.php?rest_route=\/wp\/v2\/media\/182256"}],"wp:attachment":[{"href":"https:\/\/diarioregionaldigital.com.br\/index.php?rest_route=%2Fwp%2Fv2%2Fmedia&parent=182255"}],"wp:term":[{"taxonomy":"category","embeddable":true,"href":"https:\/\/diarioregionaldigital.com.br\/index.php?rest_route=%2Fwp%2Fv2%2Fcategories&post=182255"},{"taxonomy":"post_tag","embeddable":true,"href":"https:\/\/diarioregionaldigital.com.br\/index.php?rest_route=%2Fwp%2Fv2%2Ftags&post=182255"}],"curies":[{"name":"wp","href":"https:\/\/api.w.org\/{rel}","templated":true}]}}