{"id":182252,"date":"2021-05-11T19:13:53","date_gmt":"2021-05-11T22:13:53","guid":{"rendered":"https:\/\/diarioregionaldigital.com.br\/?p=182252"},"modified":"2021-05-11T19:13:53","modified_gmt":"2021-05-11T22:13:53","slug":"comeca-nesta-quarta-12-a-vacinacao-da-segunda-dose-de-coronavac-para-profissionais-da-saude","status":"publish","type":"post","link":"https:\/\/diarioregionaldigital.com.br\/?p=182252","title":{"rendered":"Come\u00e7a nesta quarta, 12, a vacina\u00e7\u00e3o da segunda dose de Coronavac para profissionais da sa\u00fade\u00a0"},"content":{"rendered":"<p>A partir desta quarta-feira, dia 12, a Secretaria de Sa\u00fade (SS) da Prefeitura de Juiz de Fora (PJF) come\u00e7a a vacinar os profissionais da sa\u00fade que receberam a primeira dose da Coronavac, e que precisam receber a segunda imuniza\u00e7\u00e3o. A aplica\u00e7\u00e3o da vacina ser\u00e1 mediante faixa et\u00e1ria e n\u00e3o \u00e9 preciso realizar um novo cadastro. O processo ocorre no Restaurante Universit\u00e1rio (RU), localizado na Rua Santo Ant\u00f4nio, centro de Juiz de Fora.<\/p>\n<p>Segundo informa\u00e7\u00f5es do site da Prefeitura de Juiz de Fora, para pessoas autistas, a vacina\u00e7\u00e3o come\u00e7a tamb\u00e9m nesta quarta-feira, na Associa\u00e7\u00e3o de Livre Apoio ao Excepcional (Alae), na Rua Delorme de Carvalho, 53, Bom Pastor, das 9h \u00e0s 16h.<\/p>\n<p><b>Profissionais da Sa\u00fade que precisam receber a segunda dose da Coronavac, no RU:<\/b><\/p>\n<p>Quarta-feira, dia 12 &#8211; 50 anos ou mais<br \/>\nQuinta-feira, dia 13 &#8211; 40 anos ou mais<br \/>\nSexta-feira, dia 14 &#8211; 18 anos ou mais<\/p>\n","protected":false},"excerpt":{"rendered":"<p>A partir desta quarta-feira, dia 12, a Secretaria de Sa\u00fade (SS) da Prefeitura de Juiz de Fora (PJF) come\u00e7a a vacinar os profissionais da sa\u00fade que receberam a primeira dose da Coronavac, e que precisam receber a segunda imuniza\u00e7\u00e3o. A aplica\u00e7\u00e3o da vacina ser\u00e1 mediante faixa et\u00e1ria e n\u00e3o \u00e9 preciso realizar um novo cadastro. [&hellip;]<\/p>\n","protected":false},"author":246,"featured_media":182253,"comment_status":"closed","ping_status":"closed","sticky":false,"template":"","format":"standard","meta":{"footnotes":""},"categories":[253,439],"tags":[],"class_list":["post-182252","post","type-post","status-publish","format-standard","has-post-thumbnail","hentry","category-cidade","category-ultima-hora"],"_links":{"self":[{"href":"https:\/\/diarioregionaldigital.com.br\/index.php?rest_route=\/wp\/v2\/posts\/182252","targetHints":{"allow":["GET"]}}],"collection":[{"href":"https:\/\/diarioregionaldigital.com.br\/index.php?rest_route=\/wp\/v2\/posts"}],"about":[{"href":"https:\/\/diarioregionaldigital.com.br\/index.php?rest_route=\/wp\/v2\/types\/post"}],"author":[{"embeddable":true,"href":"https:\/\/diarioregionaldigital.com.br\/index.php?rest_route=\/wp\/v2\/users\/246"}],"replies":[{"embeddable":true,"href":"https:\/\/diarioregionaldigital.com.br\/index.php?rest_route=%2Fwp%2Fv2%2Fcomments&post=182252"}],"version-history":[{"count":1,"href":"https:\/\/diarioregionaldigital.com.br\/index.php?rest_route=\/wp\/v2\/posts\/182252\/revisions"}],"predecessor-version":[{"id":182254,"href":"https:\/\/diarioregionaldigital.com.br\/index.php?rest_route=\/wp\/v2\/posts\/182252\/revisions\/182254"}],"wp:featuredmedia":[{"embeddable":true,"href":"https:\/\/diarioregionaldigital.com.br\/index.php?rest_route=\/wp\/v2\/media\/182253"}],"wp:attachment":[{"href":"https:\/\/diarioregionaldigital.com.br\/index.php?rest_route=%2Fwp%2Fv2%2Fmedia&parent=182252"}],"wp:term":[{"taxonomy":"category","embeddable":true,"href":"https:\/\/diarioregionaldigital.com.br\/index.php?rest_route=%2Fwp%2Fv2%2Fcategories&post=182252"},{"taxonomy":"post_tag","embeddable":true,"href":"https:\/\/diarioregionaldigital.com.br\/index.php?rest_route=%2Fwp%2Fv2%2Ftags&post=182252"}],"curies":[{"name":"wp","href":"https:\/\/api.w.org\/{rel}","templated":true}]}}