{"id":182249,"date":"2021-05-11T19:09:35","date_gmt":"2021-05-11T22:09:35","guid":{"rendered":"https:\/\/diarioregionaldigital.com.br\/?p=182249"},"modified":"2021-05-11T19:09:35","modified_gmt":"2021-05-11T22:09:35","slug":"veja-como-fica-calendario-da-vacinacao-contra-covid-19-nesta-quarta-12","status":"publish","type":"post","link":"https:\/\/diarioregionaldigital.com.br\/?p=182249","title":{"rendered":"Veja como fica calend\u00e1rio da vacina\u00e7\u00e3o contra Covid-19 nesta quarta, 12"},"content":{"rendered":"<p>Continua a ser realizada pela Secretaria de Sa\u00fade (SS) da Prefeitura de Juiz de Fora (PJF) a campanha de imuniza\u00e7\u00e3o contra o coronav\u00edrus (Covid-19)\u00a0 durante esta semana. O pr\u00e9-cadastramento para motoristas e cobradores do transporte coletivo urbano est\u00e1 aberto, assim como para as pessoas com comorbidades entre 45 e 49 anos. O calend\u00e1rio destes p\u00fablicos ainda ser\u00e1 definido.<\/p>\n<p>Segundo informa\u00e7\u00f5es do site da Prefeitura de Juiz de Fora, no Departamento de Sa\u00fade do Idoso (DSI) est\u00e1 sendo aplicada a primeira dose para idosos acima de 60 anos que tamb\u00e9m vai disponibilizar a segunda dose do imunizante Coronavac para pessoas com 66 anos ou mais.<\/p>\n<p>Continuam sendo aplicadas a primeira e segunda doses do imunizante Astrazeneca em pessoas acima de 60 anos, no Sport Club. <b>Seguindo a recomenda\u00e7\u00e3o da Ag\u00eancia Nacional de Vigil\u00e2ncia Sanit\u00e1ria (Anvisa), divulgada na noite desta segunda-feira, 10, a Secretaria de Sa\u00fade da Prefeitura de Juiz de Fora (PJF) suspendeu a aplica\u00e7\u00e3o dos imunizantes do tipo Oxford\/Astrazeneca em gr\u00e1vidas e pu\u00e9rperas por tempo indeterminado.<\/b><\/p>\n<p>As pessoas com S\u00edndrome de Down que n\u00e3o se vacinaram na Associa\u00e7\u00e3o de Pais e Amigos dos Excepcionais (Apae) ou na Associa\u00e7\u00e3o do Livre Apoio ao Excepcional (Alae) podem ser vacinadas no Sport. J\u00e1 para os autistas, a vacina\u00e7\u00e3o ocorre na Alae, a partir desta quarta-feira, dia 12. O atendimento \u00e9 das 9h \u00e0s 16h.<\/p>\n<p>Ser\u00e3o imunizados, ainda, pessoas com comorbidades de 55 anos ou mais, no Sport Club, das 9h \u00e0s 16h, at\u00e9 sexta-feira, 14. No s\u00e1bado, estar\u00e1 dispon\u00edvel tamb\u00e9m o drive-thru da Universidade Federal de Juiz de Fora (UFJF) para o p\u00fablico de 50 anos ou mais, das 9h \u00e0s 16h. A imuniza\u00e7\u00e3o dos pacientes renais em di\u00e1lise segue nas cl\u00ednicas de atendimento.<\/p>\n<p>Os trabalhadores de sa\u00fade, pr\u00e9-cadastrados anteriormente, est\u00e3o sendo vacinados no Restaurante Universit\u00e1rio (RU) da UFJF, na Rua Santo Ant\u00f4nio, ao lado do Museu Murilo Mendes (Mamm), das 9h \u00e0s 16h. Nesta quarta-feira, 12, est\u00e3o sendo imunizados os trabalhadores de sa\u00fade com 24, 25 e 26 anos. No local tamb\u00e9m ocorre a aplica\u00e7\u00e3o da segunda dose de Coronavac para os profissionais de sa\u00fade. O processo ser\u00e1 mediante faixa et\u00e1ria e n\u00e3o \u00e9 preciso realizar um novo cadastro. As pessoas que n\u00e3o se vacinaram na data agendada devem aguardar a reabertura de um novo cadastro que acontece nesta sexta-feira, dia 14.<\/p>\n<p><b>Calend\u00e1rio de vacina\u00e7\u00e3o<\/b><\/p>\n<p><b>Idosos (2\u00aa dose Coronavac)<\/b><br \/>\nLocal: Departamento de Sa\u00fade do Idoso (DSI) &#8211; Rua Batista de Oliveira, 943, no Granbery<br \/>\nQuarta-feira, dia 12 &#8211; 66 anos<br \/>\nquinta-feira, dia 13 &#8211; 65 anos<br \/>\nna sexta-feira, dia 14 &#8211; 60 anos ou mais<\/p>\n<p><b>Pacientes renais em tratamento<\/b><br \/>\nLocais: Cl\u00ednicas de hemodi\u00e1lise desde o dia 5<\/p>\n<p><b>Pessoas com S\u00edndrome de Down<\/b><br \/>\nLocal: Sport Club JF, das 9h \u00e0s 16h<br \/>\nPessoas que n\u00e3o foram imunizadas na Apae e na Alae<\/p>\n<p><b>Pessoas Autistas<\/b><br \/>\nLocal: Associa\u00e7\u00e3o de Livre Apoio ao Excepcional (Alae), das 9h \u00e0s 16h<\/p>\n<p><b>Profissionais da Sa\u00fade que precisam receber a segunda dose da Coronavac:<\/b><br \/>\nLocal: Restaurante Universit\u00e1rio (RU) da UFJF, das 9h \u00e0s 16h<br \/>\nQuarta-feira, dia 12 &#8211; 50 anos ou mais<br \/>\nQuinta-feira, dia 13 &#8211; 40 anos ou mais<br \/>\nSexta-feira, dia 14 &#8211; 18 anos ou mais<\/p>\n<p><b>Trabalhadores de Sa\u00fade Cadastrados<\/b><br \/>\nLocal: Restaurante Universit\u00e1rio (RU) da UFJF, das 9h \u00e0s 16h<br \/>\nQuarta, dia 12: 24, 25 e 26 anos<br \/>\nQuinta, dia 13: 22 e 23 anos<br \/>\nSexta, dia 14: 18,19,20 e 21 anos<\/p>\n<p><b>Pessoas com comorbidades e defici\u00eancia permanente cadastradas no BPC, entre 50 e 59 anos<\/b><br \/>\nLocal: Sport Club, de segunda \u00e0 s\u00e1bado, das 9h \u00e0s 16h<br \/>\nS\u00e1bado: Drive-thru da UFJF, das 9h \u00e0s 16h<\/p>\n<p>quarta, dia 12 &#8211; 55 anos ou mais<br \/>\nquinta, dia 13 &#8211; 53 e 54 anos<br \/>\nsexta, dia 14 &#8211; 51 e 52 anos<br \/>\ns\u00e1bado, dia 15 &#8211; 50 anos ou mais.<\/p>\n","protected":false},"excerpt":{"rendered":"<p>Continua a ser realizada pela Secretaria de Sa\u00fade (SS) da Prefeitura de Juiz de Fora (PJF) a campanha de imuniza\u00e7\u00e3o contra o coronav\u00edrus (Covid-19)\u00a0 durante esta semana. O pr\u00e9-cadastramento para motoristas e cobradores do transporte coletivo urbano est\u00e1 aberto, assim como para as pessoas com comorbidades entre 45 e 49 anos. O calend\u00e1rio destes p\u00fablicos [&hellip;]<\/p>\n","protected":false},"author":246,"featured_media":182250,"comment_status":"closed","ping_status":"closed","sticky":false,"template":"","format":"standard","meta":{"footnotes":""},"categories":[253,440,439],"tags":[],"class_list":["post-182249","post","type-post","status-publish","format-standard","has-post-thumbnail","hentry","category-cidade","category-destaques-do-dia","category-ultima-hora"],"_links":{"self":[{"href":"https:\/\/diarioregionaldigital.com.br\/index.php?rest_route=\/wp\/v2\/posts\/182249","targetHints":{"allow":["GET"]}}],"collection":[{"href":"https:\/\/diarioregionaldigital.com.br\/index.php?rest_route=\/wp\/v2\/posts"}],"about":[{"href":"https:\/\/diarioregionaldigital.com.br\/index.php?rest_route=\/wp\/v2\/types\/post"}],"author":[{"embeddable":true,"href":"https:\/\/diarioregionaldigital.com.br\/index.php?rest_route=\/wp\/v2\/users\/246"}],"replies":[{"embeddable":true,"href":"https:\/\/diarioregionaldigital.com.br\/index.php?rest_route=%2Fwp%2Fv2%2Fcomments&post=182249"}],"version-history":[{"count":1,"href":"https:\/\/diarioregionaldigital.com.br\/index.php?rest_route=\/wp\/v2\/posts\/182249\/revisions"}],"predecessor-version":[{"id":182251,"href":"https:\/\/diarioregionaldigital.com.br\/index.php?rest_route=\/wp\/v2\/posts\/182249\/revisions\/182251"}],"wp:featuredmedia":[{"embeddable":true,"href":"https:\/\/diarioregionaldigital.com.br\/index.php?rest_route=\/wp\/v2\/media\/182250"}],"wp:attachment":[{"href":"https:\/\/diarioregionaldigital.com.br\/index.php?rest_route=%2Fwp%2Fv2%2Fmedia&parent=182249"}],"wp:term":[{"taxonomy":"category","embeddable":true,"href":"https:\/\/diarioregionaldigital.com.br\/index.php?rest_route=%2Fwp%2Fv2%2Fcategories&post=182249"},{"taxonomy":"post_tag","embeddable":true,"href":"https:\/\/diarioregionaldigital.com.br\/index.php?rest_route=%2Fwp%2Fv2%2Ftags&post=182249"}],"curies":[{"name":"wp","href":"https:\/\/api.w.org\/{rel}","templated":true}]}}