{"id":182245,"date":"2021-05-11T18:18:42","date_gmt":"2021-05-11T21:18:42","guid":{"rendered":"https:\/\/diarioregionaldigital.com.br\/?p=182245"},"modified":"2021-05-11T18:18:42","modified_gmt":"2021-05-11T21:18:42","slug":"sem-competir-ha-dois-anos-brasil-disputa-a-copa-do-mundo-de-canoagem-velocidade","status":"publish","type":"post","link":"https:\/\/diarioregionaldigital.com.br\/?p=182245","title":{"rendered":"Sem competir h\u00e1 dois anos, Brasil disputa a Copa do Mundo de Canoagem Velocidade"},"content":{"rendered":"<p>O Brasil participar\u00e1 com 10 atletas na 1\u00aa Etapa da Copa do Mundo de Canoagem Velocidade e Paracanoagem, entre os dias 13 e 16 de maio, em Szeged, na Hungria. A equipe brasileira chegou \u00e0 Europa no domingo (09.05). A Canoagem Velocidade ol\u00edmpica contar\u00e1 com quatro atletas: Isaquias Queiroz, Erlon de Souza, Jacky Godmann e Filipe Santana Vieira. Os quatro s\u00e3o integrantes da Bolsa Atleta, programa de patroc\u00ednio individual direto do Governo Federal Brasileiro, executado pela Secretaria Especial do Esporte do Minist\u00e9rio da Cidadania. Medalhistas ol\u00edmpicos e em mundiais, Isaquias e Erlon integram a categoria P\u00f3dio, a principal do programa. Jacky e Filipe s\u00e3o da categoria Internacional.<\/p>\n<p>Para a \u00e1rea t\u00e9cnica da equipe ol\u00edmpica ser\u00e1 um ciclo de prepara\u00e7\u00e3o e uma rodada de treinamentos. O objetivo \u00e9 a avalia\u00e7\u00e3o dos atletas em rela\u00e7\u00e3o aos concorrentes internacionais. Haver\u00e1 tamb\u00e9m uma mudan\u00e7a de estrat\u00e9gia: a dupla da canoa que disputar\u00e1 a prova do C2 Masculino 1.000 metros ser\u00e1 formada por Isaquias Queiroz e Jacky Godmann. Erlon de Souza, parceiro habitual e medalhista ol\u00edmpico ao lado de Isaquias, est\u00e1 em recupera\u00e7\u00e3o de les\u00e3o no quadril e ser\u00e1 poupado da disputa em duplas. S\u00f3 vai competir no C1 Masculino, nas dist\u00e2ncias 1.000m e 500m.<\/p>\n<p>\u201cJ\u00e1 faz dois anos que a equipe n\u00e3o compete em virtude da pandemia. \u00c9 importante dar aos atletas a sensa\u00e7\u00e3o da competi\u00e7\u00e3o novamente e fazer uma avalia\u00e7\u00e3o de como eles est\u00e3o em rela\u00e7\u00e3o aos principais advers\u00e1rios. O foco \u00e9 T\u00f3quio. Estamos na Copa do Mundo n\u00e3o para medalhas, mas para usar o torneio como laborat\u00f3rio&#8221;, disse.\u00a0&#8220;Tivemos esse contratempo com a recupera\u00e7\u00e3o do quadril do Erlon. Por isso, ele ser\u00e1 poupado e disputar\u00e1 s\u00f3 a canoa individual para n\u00e3o for\u00e7ar e evitar desgaste competitivo&#8221;, explica Lauro.<\/p>\n<p>Isaquias retorna a Szeged dois anos depois com o favoritismo de campe\u00e3o mundial na prova do C1 1.000m metros e bronze no C2 1.000m, ao lado de Erlon, em 2019. Ele est\u00e1 na expectativa de manter a lideran\u00e7a na prova individual e empenhado no novo teste ao lado de Jacky Goldmann. Essa ser\u00e1 a primeira vez que a dupla disputar\u00e1 uma prova internacional.<\/p>\n<p>\u201cA \u00faltima vez que competi internacionalmente foi em Szeged tamb\u00e9m. No \u00faltimo ano a gente continuou a prepara\u00e7\u00e3o forte. Como n\u00e3o teve provas, n\u00e3o conseguimos avaliar o desempenho dos outros atletas, por isso agora vai ser bom porque todo mundo estar\u00e1 junto na \u00e1gua&#8221;, disse. &#8220;Vai ser bom tamb\u00e9m competir com o Jacky. Ele \u00e9 meu parceiro no Flamengo, a gente ganhou o \u00faltimo Brasileiro, em 2019, na mesma canoa. Ele \u00e9 bom atleta, treina com a gente h\u00e1 anos e vai ser uma \u00f3tima experi\u00eancia\u201d.<\/p>\n<p>O baiano Jacky Godmann tem 22 anos, est\u00e1 na Equipe Nacional Permanente em Lagoa Santa\/MG h\u00e1 tr\u00eas anos e representou o Brasil em competi\u00e7\u00f5es internacionais. No Sul-americano de 2019, conquistou cinco ouros nas provas individuais do C1 Masculino 200, 500 e 1.000 metros, e nas disputas do C2 nas dist\u00e2ncias de 200 e 1.000 metros, ao lado de Filipe Vinicius Santana Vieira.<\/p>\n<p>\u201cDividir barco com o Isaquias \u00e9 muito bom, isso quer dizer que voc\u00ea est\u00e1 remando bem, no caminho certo. Ele \u00e9 um cara que te passa informa\u00e7\u00e3o no barco de como voc\u00ea tem que remar. Estou gostando disso e espero trazer um bom resultado para o Brasil\u201d, comenta Jacky.<\/p>\n<p>O Brasil tem duas cotas ol\u00edmpicas na categoria \u201ccanoa\u201d, conquistadas no Mundial de Szeged em 2019. Na semana passada, a Federa\u00e7\u00e3o Internacional de Canoagem redistribuiu cotas continentais e o Brasil conquistou vaga no K1 Masculino 1.000m. A defini\u00e7\u00e3o dos atletas que representar\u00e3o o Brasil em T\u00f3quio depende da avalia\u00e7\u00e3o do Plano de Trabalho 2021 da Canoagem Velocidade. Ainda \u00e9 necess\u00e1ria a defini\u00e7\u00e3o oficial do Comit\u00ea de Canoagem Velocidade para dizer oficialmente quem ser\u00e3o os representantes. O prazo m\u00e1ximo \u00e9 junho. As provas da Canoagem Velocidade em T\u00f3quio ser\u00e3o entre 2 e 7 de agosto.<\/p>\n<p>Fonte: Comit\u00ea Ol\u00edmpico do Brasil<\/p>\n","protected":false},"excerpt":{"rendered":"<p>O Brasil participar\u00e1 com 10 atletas na 1\u00aa Etapa da Copa do Mundo de Canoagem Velocidade e Paracanoagem, entre os dias 13 e 16 de maio, em Szeged, na Hungria. A equipe brasileira chegou \u00e0 Europa no domingo (09.05). A Canoagem Velocidade ol\u00edmpica contar\u00e1 com quatro atletas: Isaquias Queiroz, Erlon de Souza, Jacky Godmann e [&hellip;]<\/p>\n","protected":false},"author":246,"featured_media":182246,"comment_status":"closed","ping_status":"closed","sticky":false,"template":"","format":"standard","meta":{"footnotes":""},"categories":[257,439],"tags":[],"class_list":["post-182245","post","type-post","status-publish","format-standard","has-post-thumbnail","hentry","category-esporte","category-ultima-hora"],"_links":{"self":[{"href":"https:\/\/diarioregionaldigital.com.br\/index.php?rest_route=\/wp\/v2\/posts\/182245","targetHints":{"allow":["GET"]}}],"collection":[{"href":"https:\/\/diarioregionaldigital.com.br\/index.php?rest_route=\/wp\/v2\/posts"}],"about":[{"href":"https:\/\/diarioregionaldigital.com.br\/index.php?rest_route=\/wp\/v2\/types\/post"}],"author":[{"embeddable":true,"href":"https:\/\/diarioregionaldigital.com.br\/index.php?rest_route=\/wp\/v2\/users\/246"}],"replies":[{"embeddable":true,"href":"https:\/\/diarioregionaldigital.com.br\/index.php?rest_route=%2Fwp%2Fv2%2Fcomments&post=182245"}],"version-history":[{"count":2,"href":"https:\/\/diarioregionaldigital.com.br\/index.php?rest_route=\/wp\/v2\/posts\/182245\/revisions"}],"predecessor-version":[{"id":182248,"href":"https:\/\/diarioregionaldigital.com.br\/index.php?rest_route=\/wp\/v2\/posts\/182245\/revisions\/182248"}],"wp:featuredmedia":[{"embeddable":true,"href":"https:\/\/diarioregionaldigital.com.br\/index.php?rest_route=\/wp\/v2\/media\/182246"}],"wp:attachment":[{"href":"https:\/\/diarioregionaldigital.com.br\/index.php?rest_route=%2Fwp%2Fv2%2Fmedia&parent=182245"}],"wp:term":[{"taxonomy":"category","embeddable":true,"href":"https:\/\/diarioregionaldigital.com.br\/index.php?rest_route=%2Fwp%2Fv2%2Fcategories&post=182245"},{"taxonomy":"post_tag","embeddable":true,"href":"https:\/\/diarioregionaldigital.com.br\/index.php?rest_route=%2Fwp%2Fv2%2Ftags&post=182245"}],"curies":[{"name":"wp","href":"https:\/\/api.w.org\/{rel}","templated":true}]}}