{"id":182239,"date":"2021-05-11T18:14:08","date_gmt":"2021-05-11T21:14:08","guid":{"rendered":"https:\/\/diarioregionaldigital.com.br\/?p=182239"},"modified":"2021-05-11T18:14:08","modified_gmt":"2021-05-11T21:14:08","slug":"tsuboi-e-yamada-se-juntam-a-calderano-e-takahashi-no-torneio-individual-de-tenis-de-mesa-dos-jogos-olimpicos","status":"publish","type":"post","link":"https:\/\/diarioregionaldigital.com.br\/?p=182239","title":{"rendered":"Tsuboi e Yamada se juntam a Calderano e Takahashi no torneio individual de t\u00eanis de mesa dos Jogos Ol\u00edmpicos"},"content":{"rendered":"<p>Os t\u00e9cnicos Francisco Arado (Sele\u00e7\u00e3o masculina) e Hugo Hoyama (Sele\u00e7\u00e3o feminina) enviaram, nesta ter\u00e7a-feira (11.05), a lista dos nomes que disputar\u00e3o os torneios individuais dos Jogos Ol\u00edmpicos de T\u00f3quio no t\u00eanis de mesa. Hugo Calderano e Bruna Takahashi, por serem os melhores do pa\u00eds nos rankings mundiais dos dois naipes, j\u00e1 tinham posi\u00e7\u00e3o assegurada. Os escolhidos para completar as vagas foram Gustavo Tsuboi e Jessica Yamada.<\/p>\n<p>O Brasil disputar\u00e1 tamb\u00e9m os torneios de equipes. Al\u00e9m dos quatro nomes individuais, foram convocados, no fim do m\u00eas passado, os atletas Vitor Ishiy e Carol Kumahara. Todos os convocados do t\u00eanis de mesa para os Jogos de T\u00f3quio integram o Bolsa Atleta, programa de patroc\u00ednio individual do Governo Federal Brasileiro, executado pela Secretaria Especial do Esporte do Minist\u00e9rio da Cidadania.<\/p>\n<p>Tsuboi participa pela quarta vez dos Jogos Ol\u00edmpicos, sendo o segundo atleta que mais disputou os Jogos em todos os tempos (Hugo Hoyama \u00e9 o recordista, com seis Olimp\u00edadas). Jessica Yamada, apesar de experiente, estreia em Jogos Ol\u00edmpicos neste ano.<\/p>\n<p>A escolha foi fundamentada em participa\u00e7\u00f5es dos dois atletas no Circuito Mundial. Tsuboi \u00e9 o segundo melhor brasileiro no ranking mundial masculino, na 37\u00aa posi\u00e7\u00e3o. Jessica \u00e9 a segunda melhor brasileira no feminino, com o 142\u00b0 lugar.<\/p>\n<p>\u201cO Tsuboi foi selecionado para representar o Brasil no individual em fun\u00e7\u00e3o dos \u00faltimos resultados em torneios internacionais. Ele teve bons resultados no Catar, vencendo jogadores como o Koki Niwa, do Jap\u00e3o. J\u00e1 havia tido bom desempenho no WTT de Macau, quando venceu o chin\u00eas Zhao Zihao. Apresentou tamb\u00e9m resultados na Bundesliga, na Alemanha, contra atletas de alto n\u00edvel\u201d, lembra Paco, como o treinador \u00e9 conhecido.<\/p>\n<p>\u201cPara mim, foi uma escolha que seguiu o ranking mundial. Jessica e Carol sempre estiveram pr\u00f3ximas. Tenho certeza de que Bruna e Jessica v\u00e3o nos representar bem e conseguir\u00e3o bons resultados em T\u00f3quio\u201d, analisa Hugo Hoyama.<\/p>\n<p>Gustavo Tsuboi segue treinando no Brasil e se junta ao grupo na Alemanha no fim deste m\u00eas. Jessica Yamada est\u00e1 na Europa, onde disputa a Superdivis\u00e3o Espanhola e os playoffs finais da Liga Sueca.<\/p>\n<p>Fonte: Confedera\u00e7\u00e3o Brasileira de T\u00eanis de Mesa<\/p>\n","protected":false},"excerpt":{"rendered":"<p>Os t\u00e9cnicos Francisco Arado (Sele\u00e7\u00e3o masculina) e Hugo Hoyama (Sele\u00e7\u00e3o feminina) enviaram, nesta ter\u00e7a-feira (11.05), a lista dos nomes que disputar\u00e3o os torneios individuais dos Jogos Ol\u00edmpicos de T\u00f3quio no t\u00eanis de mesa. Hugo Calderano e Bruna Takahashi, por serem os melhores do pa\u00eds nos rankings mundiais dos dois naipes, j\u00e1 tinham posi\u00e7\u00e3o assegurada. Os [&hellip;]<\/p>\n","protected":false},"author":246,"featured_media":182240,"comment_status":"closed","ping_status":"closed","sticky":false,"template":"","format":"standard","meta":{"footnotes":""},"categories":[257,439],"tags":[],"class_list":["post-182239","post","type-post","status-publish","format-standard","has-post-thumbnail","hentry","category-esporte","category-ultima-hora"],"_links":{"self":[{"href":"https:\/\/diarioregionaldigital.com.br\/index.php?rest_route=\/wp\/v2\/posts\/182239","targetHints":{"allow":["GET"]}}],"collection":[{"href":"https:\/\/diarioregionaldigital.com.br\/index.php?rest_route=\/wp\/v2\/posts"}],"about":[{"href":"https:\/\/diarioregionaldigital.com.br\/index.php?rest_route=\/wp\/v2\/types\/post"}],"author":[{"embeddable":true,"href":"https:\/\/diarioregionaldigital.com.br\/index.php?rest_route=\/wp\/v2\/users\/246"}],"replies":[{"embeddable":true,"href":"https:\/\/diarioregionaldigital.com.br\/index.php?rest_route=%2Fwp%2Fv2%2Fcomments&post=182239"}],"version-history":[{"count":1,"href":"https:\/\/diarioregionaldigital.com.br\/index.php?rest_route=\/wp\/v2\/posts\/182239\/revisions"}],"predecessor-version":[{"id":182241,"href":"https:\/\/diarioregionaldigital.com.br\/index.php?rest_route=\/wp\/v2\/posts\/182239\/revisions\/182241"}],"wp:featuredmedia":[{"embeddable":true,"href":"https:\/\/diarioregionaldigital.com.br\/index.php?rest_route=\/wp\/v2\/media\/182240"}],"wp:attachment":[{"href":"https:\/\/diarioregionaldigital.com.br\/index.php?rest_route=%2Fwp%2Fv2%2Fmedia&parent=182239"}],"wp:term":[{"taxonomy":"category","embeddable":true,"href":"https:\/\/diarioregionaldigital.com.br\/index.php?rest_route=%2Fwp%2Fv2%2Fcategories&post=182239"},{"taxonomy":"post_tag","embeddable":true,"href":"https:\/\/diarioregionaldigital.com.br\/index.php?rest_route=%2Fwp%2Fv2%2Ftags&post=182239"}],"curies":[{"name":"wp","href":"https:\/\/api.w.org\/{rel}","templated":true}]}}