{"id":182236,"date":"2021-05-11T18:11:40","date_gmt":"2021-05-11T21:11:40","guid":{"rendered":"https:\/\/diarioregionaldigital.com.br\/?p=182236"},"modified":"2021-05-11T18:11:40","modified_gmt":"2021-05-11T21:11:40","slug":"selecao-de-judo-e-convocada-para-o-mundial-ultima-chance-de-vaga-olimpica","status":"publish","type":"post","link":"https:\/\/diarioregionaldigital.com.br\/?p=182236","title":{"rendered":"Sele\u00e7\u00e3o de jud\u00f4 \u00e9 convocada para o Mundial, \u00faltima chance de vaga ol\u00edmpica"},"content":{"rendered":"<p>A Confedera\u00e7\u00e3o Brasileira de Jud\u00f4 convocou, nesta ter\u00e7a-feira, 11.05, os judocas que representar\u00e3o o Brasil no Mundial S\u00eanior Individual e por Equipes, em Budapeste, na Hungria, no per\u00edodo de 6 a 13 de junho. Na disputa, que ser\u00e1 a \u00faltima etapa classificat\u00f3ria para os Jogos Ol\u00edmpicos de T\u00f3quio, a sele\u00e7\u00e3o ter\u00e1 sua for\u00e7a m\u00e1xima, com atletas em todas as categorias de peso. Destaque para o retorno de Mayra Aguiar (-78kg) \u00e0s competi\u00e7\u00f5es ap\u00f3s passar por cirurgia no joelho esquerdo em setembro de 2020 e ficar afastada do Circuito Mundial.<\/p>\n<p>\u201cApesar das incertezas e desafios gerados pelo contexto da pandemia, conseguimos oferecer aos atletas condi\u00e7\u00f5es de treinamento em ambiente controlado em Pindamonhangaba, al\u00e9m de treinamentos de campo com europeus no Kosovo, na Ge\u00f3rgia e, agora, na R\u00fassia, onde estamos treinando com as sele\u00e7\u00f5es do Azerbaij\u00e3o, Jap\u00e3o, Cazaquist\u00e3o e Gr\u00e9cia. Os resultados mais recentes, como os quatro p\u00f3dios no Grand Slam de Tbilisi e os cinco p\u00f3dios no Grand Slam de Kazan, mostram nossa evolu\u00e7\u00e3o e indicam que o planejamento est\u00e1 no caminho certo. Queremos melhorar o ranking das categorias que ainda est\u00e3o fora da zona de classifica\u00e7\u00e3o ol\u00edmpica e definir as disputas internas pelas vagas do Brasil\u201d, explicou Ney Wilson Pereira, gestor de Alto Rendimento da CBJ.<\/p>\n<p>Para o Mundial, a CBJ usou como crit\u00e9rio o ranking mundial. Cada pa\u00eds pode inscrever, no m\u00e1ximo, nove atletas mulheres e nove atletas homens. Dessa forma, foram chamados os melhores brasileiros nas 14 categorias. Para as dobras, foram selecionados os dois melhores do Brasil por pontos por g\u00eanero.<\/p>\n<p>O Mundial \u00e9 a etapa do Circuito IJF que mais d\u00e1 pontos no ranking de classifica\u00e7\u00e3o ol\u00edmpica. S\u00e3o 2.000 mil pontos para o campe\u00e3o, o dobro de um Grand Slam. Para estar em T\u00f3quio, o atleta precisa figurar entre os 18 melhores de sua categoria ou conseguir uma cota continental pelo ranking do seu continente que classifica apenas um atleta por pa\u00eds.<\/p>\n<p>Pela classifica\u00e7\u00e3o atual, o jud\u00f4 brasileiro teria representantes em 12 das 14 categorias disputadas nos Jogos mais a equipe para a in\u00e9dita competi\u00e7\u00e3o mista. Apenas os pesos Leves, masculino e feminino, est\u00e3o fora da zona de ranqueamento. Por isso, o Mundial ser\u00e1 decisivo para Eduardo Katsuhiro Barbosa (73kg) e Ketelyn Nascimento (57kg), que s\u00e3o os brasileiros mais pr\u00f3ximos do ponto de corte ol\u00edmpico. Eduardo Yudy Santos (81kg), que tem, atualmente, a vaga pela cota continental, tamb\u00e9m pode buscar uma seguran\u00e7a maior a partir de um bom resultado em Budapeste.<\/p>\n<p>Por outro lado, nos pesos 63kg, +78kg, 100kg e +100kg o Brasil tem dois atletas dentro da zona de classifica\u00e7\u00e3o ol\u00edmpica e todos eles estar\u00e3o neste Mundial. Vice-campe\u00e3 do Grand Slam de Kazan no \u00faltimo fim de semana, Ketleyn Quadros tem maior vantagem sobre Al\u00e9xia Castilhos na corrida por T\u00f3quio entre as meio-m\u00e9dios (63kg). As disputas mais acirradas e que se resolver\u00e3o em Budapeste est\u00e3o com Beatriz Souza (+78kg), Maria Suelen Altheman (+78kg), Leonardo Gon\u00e7alves (100kg), Rafael Buzacarini (100kg), Rafael Silva (+100kg) e David Moura (+100kg).<\/p>\n<p>Fonte: Confedera\u00e7\u00e3o Brasileira de Jud\u00f4<\/p>\n","protected":false},"excerpt":{"rendered":"<p>A Confedera\u00e7\u00e3o Brasileira de Jud\u00f4 convocou, nesta ter\u00e7a-feira, 11.05, os judocas que representar\u00e3o o Brasil no Mundial S\u00eanior Individual e por Equipes, em Budapeste, na Hungria, no per\u00edodo de 6 a 13 de junho. Na disputa, que ser\u00e1 a \u00faltima etapa classificat\u00f3ria para os Jogos Ol\u00edmpicos de T\u00f3quio, a sele\u00e7\u00e3o ter\u00e1 sua for\u00e7a m\u00e1xima, com [&hellip;]<\/p>\n","protected":false},"author":246,"featured_media":182237,"comment_status":"closed","ping_status":"closed","sticky":false,"template":"","format":"standard","meta":{"footnotes":""},"categories":[257,439],"tags":[],"class_list":["post-182236","post","type-post","status-publish","format-standard","has-post-thumbnail","hentry","category-esporte","category-ultima-hora"],"_links":{"self":[{"href":"https:\/\/diarioregionaldigital.com.br\/index.php?rest_route=\/wp\/v2\/posts\/182236","targetHints":{"allow":["GET"]}}],"collection":[{"href":"https:\/\/diarioregionaldigital.com.br\/index.php?rest_route=\/wp\/v2\/posts"}],"about":[{"href":"https:\/\/diarioregionaldigital.com.br\/index.php?rest_route=\/wp\/v2\/types\/post"}],"author":[{"embeddable":true,"href":"https:\/\/diarioregionaldigital.com.br\/index.php?rest_route=\/wp\/v2\/users\/246"}],"replies":[{"embeddable":true,"href":"https:\/\/diarioregionaldigital.com.br\/index.php?rest_route=%2Fwp%2Fv2%2Fcomments&post=182236"}],"version-history":[{"count":1,"href":"https:\/\/diarioregionaldigital.com.br\/index.php?rest_route=\/wp\/v2\/posts\/182236\/revisions"}],"predecessor-version":[{"id":182238,"href":"https:\/\/diarioregionaldigital.com.br\/index.php?rest_route=\/wp\/v2\/posts\/182236\/revisions\/182238"}],"wp:featuredmedia":[{"embeddable":true,"href":"https:\/\/diarioregionaldigital.com.br\/index.php?rest_route=\/wp\/v2\/media\/182237"}],"wp:attachment":[{"href":"https:\/\/diarioregionaldigital.com.br\/index.php?rest_route=%2Fwp%2Fv2%2Fmedia&parent=182236"}],"wp:term":[{"taxonomy":"category","embeddable":true,"href":"https:\/\/diarioregionaldigital.com.br\/index.php?rest_route=%2Fwp%2Fv2%2Fcategories&post=182236"},{"taxonomy":"post_tag","embeddable":true,"href":"https:\/\/diarioregionaldigital.com.br\/index.php?rest_route=%2Fwp%2Fv2%2Ftags&post=182236"}],"curies":[{"name":"wp","href":"https:\/\/api.w.org\/{rel}","templated":true}]}}