{"id":182232,"date":"2021-05-11T18:06:01","date_gmt":"2021-05-11T21:06:01","guid":{"rendered":"https:\/\/diarioregionaldigital.com.br\/?p=182232"},"modified":"2021-05-11T18:06:01","modified_gmt":"2021-05-11T21:06:01","slug":"minas-destina-r-16-mi-para-fomento-ao-setor-cultural","status":"publish","type":"post","link":"https:\/\/diarioregionaldigital.com.br\/?p=182232","title":{"rendered":"Minas destina R$ 16 mi para fomento ao setor cultural"},"content":{"rendered":"<p>O\u00a0<a href=\"https:\/\/www.mg.gov.br\/\" target=\"_blank\" rel=\"noopener noreferrer\">Governo de Minas Gerais<\/a>\u00a0amplia as a\u00e7\u00f5es de fomento em 2021 com a divulga\u00e7\u00e3o de novos editais para o setor cultural. O primeiro foi publicado nesta ter\u00e7a-feira (11\/5), no\u00a0<a href=\"https:\/\/www.jornalminasgerais.mg.gov.br\/\" target=\"_blank\" rel=\"noopener noreferrer\">Di\u00e1rio Oficial do Estado<\/a>. Ao todo, ser\u00e3o destinados R$16 milh\u00f5es em recursos do Fundo Estadual de Cultura (FEC) para projetos que contemplam temas como artes c\u00eanicas, m\u00fasica, audiovisual, literatura, culturas populares, artes visuais; al\u00e9m de forma\u00e7\u00e3o e capacita\u00e7\u00e3o; e estrutura\u00e7\u00e3o de sistemas de cultura.<\/p>\n<p>A\u00a0<a href=\"https:\/\/www.secult.mg.gov.br\/\" target=\"_blank\" rel=\"noopener noreferrer\">Secretaria de Estado de Cultura e Turismo de Minas Gerais (Secult)<\/a>\u00a0vai publicar, ao longo do primeiro semestre deste ano, sete editais para diferentes segmentos e linguagens da \u00e1rea cultural em Minas: Edital Cozinha Mineira, que ir\u00e1 contemplar festividades de cultura alimentar e gastronomia do estado; Edital A\u00e7\u00f5es Especiais\/EMC, para produ\u00e7\u00e3o de obra audiovisual de curta-metragem de document\u00e1rio e fic\u00e7\u00e3o; Edital Festas Populares, que vai abranger os quadrilheiros, as festas de Folias de Reis e as demais festividades de todo o estado.<\/p>\n<p>A a\u00e7\u00e3o inclui tamb\u00e9m edital destinado \u00e0 elabora\u00e7\u00e3o e estrutura\u00e7\u00e3o de sistemas municipais de cultura; outro contemplando projetos de anima\u00e7\u00e3o; um edital destinado a moderniza\u00e7\u00e3o, melhoria e estrutura\u00e7\u00e3o de arquivos p\u00fablicos e bibliotecas municipais; e um voltado \u00e0 forma\u00e7\u00e3o de profissionais.<\/p>\n<p>O secret\u00e1rio de Estado de Cultura e Turismo, Le\u00f4nidas Oliveira, destaca que a viabiliza\u00e7\u00e3o dos editais garante o fomento ao setor cultural, um dos mais afetados pela pandemia, devido \u00e0 impossibilidade de encontros presenciais e aos fechamentos dos espa\u00e7os culturais.<\/p>\n<p>\u201cA cultura est\u00e1 presente nas nossas vidas de forma diferente nesse per\u00edodo pand\u00eamico, mas em momento nenhum parou. Ela se reinventou. Claro que vem sofrendo bastante por quest\u00f5es financeiras, mas ficou ainda mais clara a import\u00e2ncia da cultura nas nossas vidas. A s\u00e9rie de editais que lan\u00e7amos atua como est\u00edmulo, busca fortalecer as pol\u00edticas p\u00fablicas e apoiar o segmento em Minas, valorizando tamb\u00e9m a diversidade cultural do estado\u201d, destaca o secret\u00e1rio.<\/p>\n<p><strong>Desperta Cultura<\/strong><\/p>\n<p>O primeiro edital a ser lan\u00e7ado, o \u201cDesperta Cultura \u2013 Premia\u00e7\u00e3o Pessoa F\u00edsica\u201d, publicado nesta ter\u00e7a-feira (11\/5), \u00e9 voltado \u00e0 forma\u00e7\u00e3o e qualifica\u00e7\u00e3o dos profissionais da Cultura. A a\u00e7\u00e3o vai disponibilizar R$ 2.490.000 para projetos que contemplem a\u00e7\u00f5es de pesquisa e documenta\u00e7\u00e3o, semin\u00e1rios, cursos, oficinas, workshops. As inscri\u00e7\u00f5es podem ser feitas de 26\/5\/2021 a 25\/6\/2021, na\u00a0<a href=\"http:\/\/200.198.28.211\/incentivo\/usuarios\/entrar\" target=\"_blank\" rel=\"noopener noreferrer\">Plataforma Digital Fomento e Incentivo \u00e0 Cultura<\/a>. Ser\u00e3o distribu\u00eddas at\u00e9 385 bolsas\/pr\u00eamios.<\/p>\n<p><strong>Forma\u00e7\u00e3o cont\u00ednua e diversa<\/strong><\/p>\n<p>O\u00a0<a href=\"https:\/\/www.secult.mg.gov.br\/documentos\/fundo-estadual-de-cultura-fec\" target=\"_blank\" rel=\"noopener noreferrer\">Desperta Cultura<\/a>\u00a0\u00e9 dividido em duas categorias. Na Categoria 1, ser\u00e3o aceitas propostas ligadas \u00e0 oferta gratuita de a\u00e7\u00f5es educativas, formativas ou de aperfei\u00e7oamento\/qualifica\u00e7\u00e3o no campo das artes e da cultura, que sejam in\u00e9ditas e cujo acompanhamento seja poss\u00edvel exclusivamente em tempo real (ao vivo).<\/p>\n<p>Nessa categoria, podem ser inscritos projetos em uma das seguintes linhas de a\u00e7\u00e3o:<\/p>\n<p>a) Laborat\u00f3rios de pesquisa e experimenta\u00e7\u00e3o;<\/p>\n<p>b) Oficinas ou workshops de curta dura\u00e7\u00e3o;<\/p>\n<p>c) Semin\u00e1rios;<\/p>\n<p>d) Curso\/capacita\u00e7\u00e3o de longa dura\u00e7\u00e3o.<\/p>\n<p>J\u00e1 a Categoria 2 do edital \u00e9 destinada \u00e0 solicita\u00e7\u00e3o de bolsas de estudos para atividades educativas, formativas, de aperfei\u00e7oamento e qualifica\u00e7\u00e3o no campo das artes e da cultura. Os proponentes devem apresentar projetos estruturados em um percurso formativo, completo ou parcial, com carga hor\u00e1ria total m\u00ednima de 12h e m\u00e1xima de 72h, que sejam execut\u00e1veis em at\u00e9 seis meses.<\/p>\n<p>As propostas contempladas nessa modalidade poder\u00e3o ser oferecidas de maneira virtual, presencial ou remota. No caso de atividades presenciais, \u00e9 necess\u00e1rio seguir a todos os protocolos de sa\u00fade determinados pelos \u00f3rg\u00e3os p\u00fablicos.<\/p>\n<p>Acesse:\u00a0<a href=\"https:\/\/www.secult.mg.gov.br\/download\/category\/21-outros?download=2524:eddital-fec-01-2021-desperta-cultura\" target=\"_blank\" rel=\"noopener noreferrer\">Edital<\/a><a href=\"https:\/\/www.secult.mg.gov.br\/download\/category\/21-outros?download=2524:eddital-fec-01-2021-desperta-cultura\" target=\"_blank\" rel=\"noopener noreferrer\">\u00a001\/2021 Desperta Cultura<\/a>\u00a0\/\u00a0<a href=\"https:\/\/www.secult.mg.gov.br\/download\/category\/21-outros?download=2525:anexos-e-documentos-edital-fec-01-2021-desperta-cultura\" target=\"_blank\" rel=\"noopener noreferrer\">Anexos<\/a><\/p>\n<p><span style=\"font-weight: 400;\">Fonte: Ag\u00eancia Minas<\/span><\/p>\n","protected":false},"excerpt":{"rendered":"<p>O\u00a0Governo de Minas Gerais\u00a0amplia as a\u00e7\u00f5es de fomento em 2021 com a divulga\u00e7\u00e3o de novos editais para o setor cultural. O primeiro foi publicado nesta ter\u00e7a-feira (11\/5), no\u00a0Di\u00e1rio Oficial do Estado. Ao todo, ser\u00e3o destinados R$16 milh\u00f5es em recursos do Fundo Estadual de Cultura (FEC) para projetos que contemplam temas como artes c\u00eanicas, m\u00fasica, audiovisual, [&hellip;]<\/p>\n","protected":false},"author":246,"featured_media":182233,"comment_status":"closed","ping_status":"closed","sticky":false,"template":"","format":"standard","meta":{"footnotes":""},"categories":[254,439],"tags":[],"class_list":["post-182232","post","type-post","status-publish","format-standard","has-post-thumbnail","hentry","category-politica","category-ultima-hora"],"_links":{"self":[{"href":"https:\/\/diarioregionaldigital.com.br\/index.php?rest_route=\/wp\/v2\/posts\/182232","targetHints":{"allow":["GET"]}}],"collection":[{"href":"https:\/\/diarioregionaldigital.com.br\/index.php?rest_route=\/wp\/v2\/posts"}],"about":[{"href":"https:\/\/diarioregionaldigital.com.br\/index.php?rest_route=\/wp\/v2\/types\/post"}],"author":[{"embeddable":true,"href":"https:\/\/diarioregionaldigital.com.br\/index.php?rest_route=\/wp\/v2\/users\/246"}],"replies":[{"embeddable":true,"href":"https:\/\/diarioregionaldigital.com.br\/index.php?rest_route=%2Fwp%2Fv2%2Fcomments&post=182232"}],"version-history":[{"count":2,"href":"https:\/\/diarioregionaldigital.com.br\/index.php?rest_route=\/wp\/v2\/posts\/182232\/revisions"}],"predecessor-version":[{"id":182235,"href":"https:\/\/diarioregionaldigital.com.br\/index.php?rest_route=\/wp\/v2\/posts\/182232\/revisions\/182235"}],"wp:featuredmedia":[{"embeddable":true,"href":"https:\/\/diarioregionaldigital.com.br\/index.php?rest_route=\/wp\/v2\/media\/182233"}],"wp:attachment":[{"href":"https:\/\/diarioregionaldigital.com.br\/index.php?rest_route=%2Fwp%2Fv2%2Fmedia&parent=182232"}],"wp:term":[{"taxonomy":"category","embeddable":true,"href":"https:\/\/diarioregionaldigital.com.br\/index.php?rest_route=%2Fwp%2Fv2%2Fcategories&post=182232"},{"taxonomy":"post_tag","embeddable":true,"href":"https:\/\/diarioregionaldigital.com.br\/index.php?rest_route=%2Fwp%2Fv2%2Ftags&post=182232"}],"curies":[{"name":"wp","href":"https:\/\/api.w.org\/{rel}","templated":true}]}}