{"id":182228,"date":"2021-05-11T18:03:21","date_gmt":"2021-05-11T21:03:21","guid":{"rendered":"https:\/\/diarioregionaldigital.com.br\/?p=182228"},"modified":"2021-05-11T18:03:21","modified_gmt":"2021-05-11T21:03:21","slug":"romeu-zema-participa-da-abertura-de-forum-para-fortalecimento-das-relacoes-comerciais-entre-minas-e-italia","status":"publish","type":"post","link":"https:\/\/diarioregionaldigital.com.br\/?p=182228","title":{"rendered":"Romeu Zema participa da abertura de f\u00f3rum para fortalecimento das rela\u00e7\u00f5es comerciais entre Minas e It\u00e1lia"},"content":{"rendered":"<p>O governador Romeu Zema participou, nesta ter\u00e7a-feira (11\/5), do evento virtual de abertura do Business F\u00f3rum It\u00e1lia &#8211; Minas Gerais, realizado com a presen\u00e7a de diversos representantes, investidores e empres\u00e1rios mineiros e italianos para abordar as principais potencialidades de neg\u00f3cios entre os dois governos.<\/p>\n<p>O evento, promovido por iniciativa do\u00a0<a href=\"https:\/\/www.mg.gov.br\/\" target=\"_blank\" rel=\"noopener\">Governo de Minas Gerais<\/a>\u00a0e do Minist\u00e9rio Italiano das Rela\u00e7\u00f5es Exteriores e da Coopera\u00e7\u00e3o Internacional, realiza diversas mesas de debates sobre os principais setores do com\u00e9rcio bilateral e estrat\u00e9gicos para a It\u00e1lia e o Estado de Minas.<\/p>\n<p>No primeiro trimestre de 2021, Minas Gerais exportou o valor de U$S 194 milh\u00f5es para a It\u00e1lia, aumento de 24,6% em rela\u00e7\u00e3o ao mesmo per\u00edodo de 2020. Durante a abertura do f\u00f3rum, Zema ressaltou o empenho da gest\u00e3o para fortalecer ainda mais esses la\u00e7os comerciais, atrair investimentos e gerar empregos para os mineiros.<\/p>\n<p>\u201cMinas \u00e9 um dos estados brasileiros que mais possui trocas comerciais com a It\u00e1lia. No que depender do Governo do Estado, fazemos quest\u00e3o de que esses la\u00e7os sejam ainda mais fortalecidos. Temos criado mudan\u00e7as para facilitar a vida de quem quer investir e criar empregos aqui\u201d, afirmou.<\/p>\n<p><b>Investimentos<\/b><\/p>\n<p>O governador tamb\u00e9m lembrou que o Estado atrai, hoje, muito mais investimentos do que no passado.<\/p>\n<p>\u201cNo governo anterior, em quatro anos, foram atra\u00eddos para o Estado R$ 26 bilh\u00f5es. N\u00f3s, na metade do tempo, em dois anos, j\u00e1 atra\u00edmos R$ 118 bilh\u00f5es, um aumento expressivo. Fica aqui o meu convite a todos aqueles que quiserem investir. Teremos diversas oportunidades de concess\u00e3o, infraestrutura, e todos ser\u00e3o muito bem-vindos\u201d, disse.<\/p>\n<p>O secret\u00e1rio de Estado de\u00a0<a href=\"http:\/\/www.desenvolvimento.mg.gov.br\/\" target=\"_blank\" rel=\"noopener\">Desenvolvimento Econ\u00f4mico<\/a>, Fernando Passalio, enalteceu a rela\u00e7\u00e3o bilateral entre Minas Gerais e It\u00e1lia.<\/p>\n<p>\u201cAtualmente, temos 27 projetos de investimentos de empresas italianas em nosso estado. S\u00e3o mais de R$ 11 bilh\u00f5es em neg\u00f3cios e mais de 8 mil empregos gerados. Temos por aqui grandes nomes, como a Fiat, agora Stellantis, Tiberina, Campari, Fassa Bortolo, entre outras. O Estado acredita no investidor, e isso \u00e9 assegurar a gera\u00e7\u00e3o de emprego e renda aos mineiros&#8221;, ressaltou.<\/p>\n<p><b>Rela\u00e7\u00e3o comercial<\/b><\/p>\n<p>O subsecret\u00e1rio de Estado do Minist\u00e9rio Italiano das Rela\u00e7\u00f5es Exteriores e da Coopera\u00e7\u00e3o Internacional, Manlio Di Stefano, destacou a liga\u00e7\u00e3o cultural e econ\u00f4mica entre Minas e It\u00e1lia.<\/p>\n<p>\u201cA popula\u00e7\u00e3o mineira tem quase 10% de imigrantes italianos. Al\u00e9m dessa liga\u00e7\u00e3o social e cultural, tivemos um interc\u00e2mbio comercial muito s\u00f3lido em 2020, alcan\u00e7ando US$ 1 bilh\u00e3o, quase 20% do interc\u00e2mbio entre Minas e todos os pa\u00edses da Uni\u00e3o Europeia\u201d, afirmou.<\/p>\n<p>O embaixador da It\u00e1lia em Bras\u00edlia, Francesco Azzarello, ressaltou que Minas \u00e9 o segundo maior mercado brasileiro de destino de produtos italianos. E destacou que a rela\u00e7\u00e3o entre Minas e o pa\u00eds europeu \u00e9 uma via de m\u00e3o dupla.<\/p>\n<p>\u201cNo primeiro quadrimestre de 2021, Minas foi o principal estado brasileiro a exportar para It\u00e1lia, que teve uma cota de 24% do total dos produtos vendidos no Brasil\u201d, disse.<\/p>\n<p><b>Ind\u00fastria<\/b><\/p>\n<p>Tamb\u00e9m presente na cerim\u00f4nia virtual, o presidente da Federa\u00e7\u00e3o das Ind\u00fastrias de Minas Gerais (Fiemg), Flavio Roscoe, afirmou que a agroind\u00fastria \u00e9 um dos setores de maior destaque neste momento.<\/p>\n<p>\u201cMinas tem uma tradi\u00e7\u00e3o em v\u00e1rios segmentos relevantes, como minera\u00e7\u00e3o, siderurgia, automobil\u00edstico, e tamb\u00e9m na agroind\u00fastria e na alimenta\u00e7\u00e3o. Na agroind\u00fastria, que os italianos t\u00eam muita expertise, temos grandes oportunidades neste momento. E gostaria de lembrar que diversos investimentos italianos que vieram para Minas Gerais foram, na sua grande maioria, muito bem-sucedidos\u201d, lembrou.<\/p>\n<p>Ele tamb\u00e9m destacou que o Centro Internacional de Neg\u00f3cios da Fiemg pode auxiliar investidores interessados.<\/p>\n<p>\u201cEstamos \u00e0 disposi\u00e7\u00e3o para apoiar em v\u00e1rias \u00e1reas para que o investidor tenha a maior seguran\u00e7a poss\u00edvel e, depois do investimento, podemos cuidar da manuten\u00e7\u00e3o da sua opera\u00e7\u00e3o, dando consultoria t\u00e9cnica gratuita em v\u00e1rios segmentos. Representamos hoje 67 mil ind\u00fastrias, das quais 200 exportam ativamente para a It\u00e1lia\u201d, afirmou.<\/p>\n<p><b>Agroneg\u00f3cio<\/b><\/p>\n<p>O agroneg\u00f3cio tamb\u00e9m foi lembrado durante o evento como uma das principais potencialidades de troca.<\/p>\n<p>Carlo Ferro, presidente da Italian Trade Agency, ag\u00eancia do governo Italiano que promove o interc\u00e2mbio comercial e tecnol\u00f3gico entre a It\u00e1lia e os demais pa\u00edses, disse que \u00e9 poss\u00edvel aumentar o valor agregado dos produtos produzidos em Minas e na It\u00e1lia.<\/p>\n<p>\u201cO agroneg\u00f3cio \u00e9 um setor important\u00edssimo para a economia italiana. E Minas foi o 3\u00ba maior importador brasileiro de produtos agr\u00edcolas e agroalimentares e o 2\u00ba em rela\u00e7\u00e3o \u00e0s m\u00e1quinas para transforma\u00e7\u00e3o alimentar. Acredito que, neste neg\u00f3cio, podemos melhorar o incremento do valor agregado das produ\u00e7\u00f5es e tamb\u00e9m da complexa cadeia do processamento de alimento\u201d, defendeu.<\/p>\n<p><b>Oportunidades de neg\u00f3cios<\/b><\/p>\n<p>A secret\u00e1ria de\u00a0<a href=\"http:\/\/www.agricultura.mg.gov.br\/\" target=\"_blank\" rel=\"noopener\">Agricultura, Pecu\u00e1ria e Abastecimento de Minas Gerais<\/a>, Ana Valentini, apresentou o perfil da produ\u00e7\u00e3o mineira e as oportunidades de neg\u00f3cios, que v\u00e3o al\u00e9m do caf\u00e9, hoje principal produto do agroneg\u00f3cio do Estado exportado para a It\u00e1lia. E citou a apicultura, fruticultura e oler\u00edcolas (alho, batata e cenoura, dentre outros) como alguns dos produtos da pauta mineira com potencial para o mercado italiano.<\/p>\n<p>&#8220;Minas Gerais \u00e9 o maior produtor nacional de caf\u00e9 e, se fosse um pa\u00eds, ainda assim seria o maior produtor de caf\u00e9 do mundo. As lavouras cafeeiras ocupam apenas 1,8% da \u00e1rea do estado. Tudo isso \u00e9 resultado de tecnologias, aumento da produtividade e de uma preocupa\u00e7\u00e3o com a produ\u00e7\u00e3o sustent\u00e1vel\u201d, afirmou, lembrando que quase um ter\u00e7o do estado \u00e9 de cobertura vegetal nativa.<\/p>\n<p>A secret\u00e1ria Ana Valentini tamb\u00e9m citou os preparativos para realiza\u00e7\u00e3o de um Acordo de Coopera\u00e7\u00e3o T\u00e9cnica entre o Estado de Minas Gerais e o governo da It\u00e1lia na produ\u00e7\u00e3o de queijos artesanais, charcutaria e vinhos. \u201cEsperamos com esse acordo a realiza\u00e7\u00e3o de a\u00e7\u00f5es nas \u00e1reas de pesquisa, desenvolvimento e inova\u00e7\u00e3o, al\u00e9m e projetos ligados \u00e0 promo\u00e7\u00e3o comercial\u201d, detalhou. A primeira a\u00e7\u00e3o prevista \u00e9 um curso on-line sobre queijos para produtores e t\u00e9cnicos do sistema da Agricultura do estado, ministrado por um especialista italiano, com foco em produ\u00e7\u00e3o e controle.<\/p>\n<p><b>Tecnologia e inova\u00e7\u00e3o<\/b><\/p>\n<p>A vice-presidente para Internacionaliza\u00e7\u00e3o Confind\u00fastria, Barbara Beltrame Giacomello, definiu o interc\u00e2mbio de tecnologias e de projetos inovadores como uma forma de fortalecer as economias mineiras e italianas.<\/p>\n<p>\u201cS\u00e3o centenas das nossas microempresas que come\u00e7aram a trabalhar com o estado de Minas Gerais, produzindo produtos de alta qualidade, sistemas e solu\u00e7\u00f5es tecnol\u00f3gicas e inovadoras. Processos produtivos de alto padr\u00e3o, criando empregos e multiplicando as atividades econ\u00f4micas\u201d, disse.<\/p>\n<p>Tamb\u00e9m participaram da abertura o c\u00f4nsul da It\u00e1lia em Belo Horizonte, Dario Savarese, entre outras autoridades.<\/p>\n<p><span style=\"font-weight: 400;\">Fonte: Ag\u00eancia Minas<\/span><\/p>\n","protected":false},"excerpt":{"rendered":"<p>O governador Romeu Zema participou, nesta ter\u00e7a-feira (11\/5), do evento virtual de abertura do Business F\u00f3rum It\u00e1lia &#8211; Minas Gerais, realizado com a presen\u00e7a de diversos representantes, investidores e empres\u00e1rios mineiros e italianos para abordar as principais potencialidades de neg\u00f3cios entre os dois governos. O evento, promovido por iniciativa do\u00a0Governo de Minas Gerais\u00a0e do Minist\u00e9rio [&hellip;]<\/p>\n","protected":false},"author":246,"featured_media":182229,"comment_status":"closed","ping_status":"closed","sticky":false,"template":"","format":"standard","meta":{"footnotes":""},"categories":[436,440,254,439],"tags":[],"class_list":["post-182228","post","type-post","status-publish","format-standard","has-post-thumbnail","hentry","category-destaque-da-semana","category-destaques-do-dia","category-politica","category-ultima-hora"],"_links":{"self":[{"href":"https:\/\/diarioregionaldigital.com.br\/index.php?rest_route=\/wp\/v2\/posts\/182228","targetHints":{"allow":["GET"]}}],"collection":[{"href":"https:\/\/diarioregionaldigital.com.br\/index.php?rest_route=\/wp\/v2\/posts"}],"about":[{"href":"https:\/\/diarioregionaldigital.com.br\/index.php?rest_route=\/wp\/v2\/types\/post"}],"author":[{"embeddable":true,"href":"https:\/\/diarioregionaldigital.com.br\/index.php?rest_route=\/wp\/v2\/users\/246"}],"replies":[{"embeddable":true,"href":"https:\/\/diarioregionaldigital.com.br\/index.php?rest_route=%2Fwp%2Fv2%2Fcomments&post=182228"}],"version-history":[{"count":2,"href":"https:\/\/diarioregionaldigital.com.br\/index.php?rest_route=\/wp\/v2\/posts\/182228\/revisions"}],"predecessor-version":[{"id":182231,"href":"https:\/\/diarioregionaldigital.com.br\/index.php?rest_route=\/wp\/v2\/posts\/182228\/revisions\/182231"}],"wp:featuredmedia":[{"embeddable":true,"href":"https:\/\/diarioregionaldigital.com.br\/index.php?rest_route=\/wp\/v2\/media\/182229"}],"wp:attachment":[{"href":"https:\/\/diarioregionaldigital.com.br\/index.php?rest_route=%2Fwp%2Fv2%2Fmedia&parent=182228"}],"wp:term":[{"taxonomy":"category","embeddable":true,"href":"https:\/\/diarioregionaldigital.com.br\/index.php?rest_route=%2Fwp%2Fv2%2Fcategories&post=182228"},{"taxonomy":"post_tag","embeddable":true,"href":"https:\/\/diarioregionaldigital.com.br\/index.php?rest_route=%2Fwp%2Fv2%2Ftags&post=182228"}],"curies":[{"name":"wp","href":"https:\/\/api.w.org\/{rel}","templated":true}]}}