{"id":182203,"date":"2021-05-11T06:00:54","date_gmt":"2021-05-11T09:00:54","guid":{"rendered":"https:\/\/diarioregionaldigital.com.br\/?p=182203"},"modified":"2021-05-11T00:21:05","modified_gmt":"2021-05-11T03:21:05","slug":"gastando","status":"publish","type":"post","link":"https:\/\/diarioregionaldigital.com.br\/?p=182203","title":{"rendered":"Gastando"},"content":{"rendered":"<p style=\"text-align: center;\"><strong>Diamantes, Ouro e Brilhantes<\/strong><\/p>\n<p style=\"text-align: center;\">As v\u00e9speras de celebrar 80 anos, a joalheria Sauer de alma carioca lan\u00e7a a cole\u00e7\u00e3o Fireworks, com o ouro e pedras preciosas assumindo o protagonismo da hist\u00f3ria. O metal aparece liso ou num trabalho interessante em espirais, ondas e texturas. No cat\u00e1logo surge uma explos\u00e3o de luz brilho e entusiasmo.<\/p>\n<p style=\"text-align: center;\"><strong>Bi-Bi-Fon-Fon<\/strong><\/p>\n<p style=\"text-align: center;\">Com expectativa de sucesso, j\u00e1 esta pronto o portf\u00f3lio elaborado pela Associa\u00e7\u00e3o Comercial (AC) para convencer os diretores da montadora Bravo Motor Company a instalar uma f\u00e1brica de carro el\u00e9trico em Juiz de Fora. Apresentando em portugu\u00eas e ingl\u00eas, o material, mostra o perfil econ\u00f4mico e geogr\u00e1fico da cidade e da regi\u00e3o e sua infraestrutura log\u00edstica. A coluna esta na torcida.<\/p>\n<p style=\"text-align: center;\"><strong>Deu B.O<\/strong><\/p>\n<p style=\"text-align: center;\">A conviv\u00eancia extrema e outras dificuldades do dia a dia que surgiram na pandemia, como estresse gerado pela perda de capacidade econ\u00f4mica levaram muitos casais a optarem pela separa\u00e7\u00e3o. O ato foi batizado de efeito colateral.<\/p>\n<p style=\"text-align: center;\"><strong>Gastando<\/strong><\/p>\n<p style=\"text-align: center;\">A despeito da pandemia o mercado on-line cresce. O volume de pagamento com credencial Visa no e-commerce brasileiro, sem contar o segmento de viagens cresceu em m\u00e9dia 30% nos \u00faltimos tr\u00eas trimestres, entre junho de 2020 e mar\u00e7o de 2021.<\/p>\n<div id=\"attachment_182185\" style=\"width: 690px\" class=\"wp-caption aligncenter\"><img loading=\"lazy\" decoding=\"async\" aria-describedby=\"caption-attachment-182185\" class=\"wp-image-182185\" src=\"https:\/\/diarioregionaldigital.com.br\/wp-content\/uploads\/2021\/05\/fotoa-5-e1620702323478.jpg\" alt=\"\" width=\"680\" height=\"517\" srcset=\"https:\/\/diarioregionaldigital.com.br\/wp-content\/uploads\/2021\/05\/fotoa-5-e1620702323478.jpg 720w, https:\/\/diarioregionaldigital.com.br\/wp-content\/uploads\/2021\/05\/fotoa-5-e1620702323478-300x228.jpg 300w, https:\/\/diarioregionaldigital.com.br\/wp-content\/uploads\/2021\/05\/fotoa-5-e1620702323478-360x274.jpg 360w\" sizes=\"auto, (max-width: 680px) 100vw, 680px\" \/><p id=\"caption-attachment-182185\" class=\"wp-caption-text\">Fazendo imenso sucesso no YouTube com apresenta\u00e7\u00e3o do concurso Queem of Queens All Stars, a estrela dos musicais Ravell<\/p><\/div>\n<div id=\"attachment_182186\" style=\"width: 690px\" class=\"wp-caption aligncenter\"><img loading=\"lazy\" decoding=\"async\" aria-describedby=\"caption-attachment-182186\" class=\"wp-image-182186\" src=\"https:\/\/diarioregionaldigital.com.br\/wp-content\/uploads\/2021\/05\/fotob-4-e1620702344403.jpg\" alt=\"\" width=\"680\" height=\"494\" srcset=\"https:\/\/diarioregionaldigital.com.br\/wp-content\/uploads\/2021\/05\/fotob-4-e1620702344403.jpg 512w, https:\/\/diarioregionaldigital.com.br\/wp-content\/uploads\/2021\/05\/fotob-4-e1620702344403-300x218.jpg 300w, https:\/\/diarioregionaldigital.com.br\/wp-content\/uploads\/2021\/05\/fotob-4-e1620702344403-360x262.jpg 360w\" sizes=\"auto, (max-width: 680px) 100vw, 680px\" \/><p id=\"caption-attachment-182186\" class=\"wp-caption-text\">O DJ de astros e estrelas Leandro Laguardia em sintonia com o ar de Trancoso (BA)<\/p><\/div>\n<div id=\"attachment_182187\" style=\"width: 690px\" class=\"wp-caption aligncenter\"><img loading=\"lazy\" decoding=\"async\" aria-describedby=\"caption-attachment-182187\" class=\"wp-image-182187\" src=\"https:\/\/diarioregionaldigital.com.br\/wp-content\/uploads\/2021\/05\/fotoc-5-e1620702363591.jpg\" alt=\"\" width=\"680\" height=\"484\" srcset=\"https:\/\/diarioregionaldigital.com.br\/wp-content\/uploads\/2021\/05\/fotoc-5-e1620702363591.jpg 510w, https:\/\/diarioregionaldigital.com.br\/wp-content\/uploads\/2021\/05\/fotoc-5-e1620702363591-300x214.jpg 300w, https:\/\/diarioregionaldigital.com.br\/wp-content\/uploads\/2021\/05\/fotoc-5-e1620702363591-360x256.jpg 360w, https:\/\/diarioregionaldigital.com.br\/wp-content\/uploads\/2021\/05\/fotoc-5-e1620702363591-100x70.jpg 100w\" sizes=\"auto, (max-width: 680px) 100vw, 680px\" \/><p id=\"caption-attachment-182187\" class=\"wp-caption-text\">O inverno chique na Sui\u00e7a da Bonita e Chiqu\u00e9rrima, Veralice Tam<\/p><\/div>\n<div id=\"attachment_182188\" style=\"width: 690px\" class=\"wp-caption aligncenter\"><img loading=\"lazy\" decoding=\"async\" aria-describedby=\"caption-attachment-182188\" class=\"wp-image-182188\" src=\"https:\/\/diarioregionaldigital.com.br\/wp-content\/uploads\/2021\/05\/fotod-5-e1620702383248.jpg\" alt=\"\" width=\"680\" height=\"461\" srcset=\"https:\/\/diarioregionaldigital.com.br\/wp-content\/uploads\/2021\/05\/fotod-5-e1620702383248.jpg 856w, https:\/\/diarioregionaldigital.com.br\/wp-content\/uploads\/2021\/05\/fotod-5-e1620702383248-300x203.jpg 300w, https:\/\/diarioregionaldigital.com.br\/wp-content\/uploads\/2021\/05\/fotod-5-e1620702383248-768x520.jpg 768w, https:\/\/diarioregionaldigital.com.br\/wp-content\/uploads\/2021\/05\/fotod-5-e1620702383248-360x244.jpg 360w\" sizes=\"auto, (max-width: 680px) 100vw, 680px\" \/><p id=\"caption-attachment-182188\" class=\"wp-caption-text\">Na natureza fazendo linda pintura, o artista pl\u00e1stico Paulo Talarico<\/p><\/div>\n<div id=\"attachment_182189\" style=\"width: 690px\" class=\"wp-caption aligncenter\"><img loading=\"lazy\" decoding=\"async\" aria-describedby=\"caption-attachment-182189\" class=\"wp-image-182189\" src=\"https:\/\/diarioregionaldigital.com.br\/wp-content\/uploads\/2021\/05\/fotoe-5-e1620702408640.jpg\" alt=\"\" width=\"680\" height=\"488\" srcset=\"https:\/\/diarioregionaldigital.com.br\/wp-content\/uploads\/2021\/05\/fotoe-5-e1620702408640.jpg 524w, https:\/\/diarioregionaldigital.com.br\/wp-content\/uploads\/2021\/05\/fotoe-5-e1620702408640-300x215.jpg 300w, https:\/\/diarioregionaldigital.com.br\/wp-content\/uploads\/2021\/05\/fotoe-5-e1620702408640-360x258.jpg 360w\" sizes=\"auto, (max-width: 680px) 100vw, 680px\" \/><p id=\"caption-attachment-182189\" class=\"wp-caption-text\">As fofoletes Erika Beire e Andrea Novelino no campeonato de Viracopos, antes da pandemia<\/p><\/div>\n<div id=\"attachment_182190\" style=\"width: 690px\" class=\"wp-caption aligncenter\"><img loading=\"lazy\" decoding=\"async\" aria-describedby=\"caption-attachment-182190\" class=\"wp-image-182190\" src=\"https:\/\/diarioregionaldigital.com.br\/wp-content\/uploads\/2021\/05\/fotof-5-e1620702445708.jpg\" alt=\"\" width=\"680\" height=\"489\" srcset=\"https:\/\/diarioregionaldigital.com.br\/wp-content\/uploads\/2021\/05\/fotof-5-e1620702445708.jpg 1138w, https:\/\/diarioregionaldigital.com.br\/wp-content\/uploads\/2021\/05\/fotof-5-e1620702445708-300x216.jpg 300w, https:\/\/diarioregionaldigital.com.br\/wp-content\/uploads\/2021\/05\/fotof-5-e1620702445708-1024x736.jpg 1024w, https:\/\/diarioregionaldigital.com.br\/wp-content\/uploads\/2021\/05\/fotof-5-e1620702445708-768x552.jpg 768w, https:\/\/diarioregionaldigital.com.br\/wp-content\/uploads\/2021\/05\/fotof-5-e1620702445708-360x259.jpg 360w\" sizes=\"auto, (max-width: 680px) 100vw, 680px\" \/><p id=\"caption-attachment-182190\" class=\"wp-caption-text\">O coiffeur Carlos Badico produzindo a bel\u00edssima B\u00e1rbara Moreno<\/p><\/div>\n<div id=\"attachment_182191\" style=\"width: 690px\" class=\"wp-caption aligncenter\"><img loading=\"lazy\" decoding=\"async\" aria-describedby=\"caption-attachment-182191\" class=\"wp-image-182191\" src=\"https:\/\/diarioregionaldigital.com.br\/wp-content\/uploads\/2021\/05\/fotog-5-e1620702464265.jpg\" alt=\"\" width=\"680\" height=\"481\" srcset=\"https:\/\/diarioregionaldigital.com.br\/wp-content\/uploads\/2021\/05\/fotog-5-e1620702464265.jpg 694w, https:\/\/diarioregionaldigital.com.br\/wp-content\/uploads\/2021\/05\/fotog-5-e1620702464265-300x212.jpg 300w, https:\/\/diarioregionaldigital.com.br\/wp-content\/uploads\/2021\/05\/fotog-5-e1620702464265-360x255.jpg 360w, https:\/\/diarioregionaldigital.com.br\/wp-content\/uploads\/2021\/05\/fotog-5-e1620702464265-100x70.jpg 100w\" sizes=\"auto, (max-width: 680px) 100vw, 680px\" \/><p id=\"caption-attachment-182191\" class=\"wp-caption-text\">Fam\u00edlia musical de sucesso em Juiz de Fora, Isadora, Gustavo Costa, Valqu\u00edria e J\u00fanior<\/p><\/div>\n<p style=\"text-align: center;\"><strong>FOTOSS\u00cdNTESE<\/strong><\/p>\n<p>Caroline Fellet esta vibrando. Seu conto \u201cAve migrat\u00f3ria\u201d foi selecionado para compor a colet\u00e2nea do Pr\u00eamio off Flip de literatura 2021.<\/p>\n<p>Dentro da Semana Municipal do Idoso, hoje, 11\/05 tem palestra com o Dr. Guilherme Cortes com o tema \u201cDoen\u00e7as infecciosas, covid-19 e vacina\u00e7\u00e3o. O evento ser\u00e1 transmitido pela TV C\u00e2mara, no Canal 35.1, \u00e0 16hs.<\/p>\n<p>Jovem e bonit\u00e3o, o empres\u00e1rio Rodrigo Pina est\u00e1 com novidades. Inaugurou mais uma loja do Mr. Pina na Av. Rio Branco ao lado do Restaurante Bras\u00e3o. Nas vitrines tortas deliciosas e no forno salgados finos com destaque para a quiche de alho-por\u00f3.<\/p>\n<p>Juntando doses de criatividade, Maria Helena Sleutjes da Grypon Editora reuniu escritores, cronistas e poetas e vai lan\u00e7ar mais uma edi\u00e7\u00e3o do livro Juiz de Fora ao Luar. A bel\u00edssima capa leva a assinatura de Val\u00e9ria Faria.<\/p>\n<p>A Funda\u00e7\u00e3o Grupo Botic\u00e1rio promoveu semin\u00e1rio Preven\u00e7\u00e3o e Combate a inc\u00eandios no Serrado Vis\u00f5es sobre o Manejo Integrado do Fogo.<\/p>\n<p>Em boa hora, o Instituto Cultural Vale amplia suas linhas de patroc\u00ednio e projeto de dan\u00e7a. Em 2021, destinou R$ 8,5 milh\u00f5es pela Lei de Incentivo \u00e1 Cultura.<\/p>\n<p>A jornalista Daniela Dutra brilhou com sua palestra, na FACHA para abordar o papel do assessor de imprensa como fonte de informa\u00e7\u00e3o.<\/p>\n<p>Foi muito bem sucedido o lan\u00e7amento da Souza Gomes com v\u00eddeos sobre decora\u00e7\u00e3o, acabamentos e detalhes do mercado imobili\u00e1rio. A correta apresenta\u00e7\u00e3o foi de Isabela Amantea.<\/p>\n<p>Reforma \u00cdntima: \u201cAh Vida! A inexor\u00e1vel chama m\u00edstica das horas fugidias\u201d. (Divania Schuenk). Bom dia.<\/p>\n<p><img loading=\"lazy\" decoding=\"async\" class=\"aligncenter size-full wp-image-182204\" src=\"https:\/\/diarioregionaldigital.com.br\/wp-content\/uploads\/2021\/05\/anuncio37-scaled.jpg\" alt=\"\" width=\"2560\" height=\"987\" srcset=\"https:\/\/diarioregionaldigital.com.br\/wp-content\/uploads\/2021\/05\/anuncio37-scaled.jpg 2560w, https:\/\/diarioregionaldigital.com.br\/wp-content\/uploads\/2021\/05\/anuncio37-300x116.jpg 300w, https:\/\/diarioregionaldigital.com.br\/wp-content\/uploads\/2021\/05\/anuncio37-1024x395.jpg 1024w, https:\/\/diarioregionaldigital.com.br\/wp-content\/uploads\/2021\/05\/anuncio37-768x296.jpg 768w, https:\/\/diarioregionaldigital.com.br\/wp-content\/uploads\/2021\/05\/anuncio37-1536x592.jpg 1536w, https:\/\/diarioregionaldigital.com.br\/wp-content\/uploads\/2021\/05\/anuncio37-2048x790.jpg 2048w, https:\/\/diarioregionaldigital.com.br\/wp-content\/uploads\/2021\/05\/anuncio37-360x139.jpg 360w\" sizes=\"auto, (max-width: 2560px) 100vw, 2560px\" \/><\/p>\n","protected":false},"excerpt":{"rendered":"<p>Diamantes, Ouro e Brilhantes As v\u00e9speras de celebrar 80 anos, a joalheria Sauer de alma carioca lan\u00e7a a cole\u00e7\u00e3o Fireworks, com o ouro e pedras preciosas assumindo o protagonismo da hist\u00f3ria. O metal aparece liso ou num trabalho interessante em espirais, ondas e texturas. No cat\u00e1logo surge uma explos\u00e3o de luz brilho e entusiasmo. Bi-Bi-Fon-Fon [&hellip;]<\/p>\n","protected":false},"author":253,"featured_media":182185,"comment_status":"closed","ping_status":"closed","sticky":false,"template":"","format":"standard","meta":{"footnotes":""},"categories":[264],"tags":[],"class_list":["post-182203","post","type-post","status-publish","format-standard","has-post-thumbnail","hentry","category-eduardo-gomes"],"_links":{"self":[{"href":"https:\/\/diarioregionaldigital.com.br\/index.php?rest_route=\/wp\/v2\/posts\/182203","targetHints":{"allow":["GET"]}}],"collection":[{"href":"https:\/\/diarioregionaldigital.com.br\/index.php?rest_route=\/wp\/v2\/posts"}],"about":[{"href":"https:\/\/diarioregionaldigital.com.br\/index.php?rest_route=\/wp\/v2\/types\/post"}],"author":[{"embeddable":true,"href":"https:\/\/diarioregionaldigital.com.br\/index.php?rest_route=\/wp\/v2\/users\/253"}],"replies":[{"embeddable":true,"href":"https:\/\/diarioregionaldigital.com.br\/index.php?rest_route=%2Fwp%2Fv2%2Fcomments&post=182203"}],"version-history":[{"count":2,"href":"https:\/\/diarioregionaldigital.com.br\/index.php?rest_route=\/wp\/v2\/posts\/182203\/revisions"}],"predecessor-version":[{"id":182206,"href":"https:\/\/diarioregionaldigital.com.br\/index.php?rest_route=\/wp\/v2\/posts\/182203\/revisions\/182206"}],"wp:featuredmedia":[{"embeddable":true,"href":"https:\/\/diarioregionaldigital.com.br\/index.php?rest_route=\/wp\/v2\/media\/182185"}],"wp:attachment":[{"href":"https:\/\/diarioregionaldigital.com.br\/index.php?rest_route=%2Fwp%2Fv2%2Fmedia&parent=182203"}],"wp:term":[{"taxonomy":"category","embeddable":true,"href":"https:\/\/diarioregionaldigital.com.br\/index.php?rest_route=%2Fwp%2Fv2%2Fcategories&post=182203"},{"taxonomy":"post_tag","embeddable":true,"href":"https:\/\/diarioregionaldigital.com.br\/index.php?rest_route=%2Fwp%2Fv2%2Ftags&post=182203"}],"curies":[{"name":"wp","href":"https:\/\/api.w.org\/{rel}","templated":true}]}}