{"id":182199,"date":"2021-05-10T23:34:39","date_gmt":"2021-05-11T02:34:39","guid":{"rendered":"https:\/\/diarioregionaldigital.com.br\/?p=182199"},"modified":"2021-05-10T23:34:39","modified_gmt":"2021-05-11T02:34:39","slug":"policia-militar-prende-autores-de-homicidio-tentado-no-bairro-santa-rita","status":"publish","type":"post","link":"https:\/\/diarioregionaldigital.com.br\/?p=182199","title":{"rendered":"Pol\u00edcia Militar prende autores de homic\u00eddio tentado no bairro Santa Rita"},"content":{"rendered":"<p>No dia 09mai21, por volta das 22h21min, durante Opera\u00e7\u00e3o Batida Policial desencadeada pela Pol\u00edcia Militar no bairro Santa Rita, os militares foram acionados via COPOM a comparecer na Rua Urias Fonseca para averigua\u00e7\u00e3o de disparo de arma de fogo. No local, os policiais se depararam com a v\u00edtima, um homem de 34 anos ferido, e receberam informa\u00e7\u00f5es de que os autores haviam fugido num ve\u00edculo.<\/p>\n<p>O SAMU esteve no local e se deslocou com a v\u00edtima para a Maternidade Therezinha de Jesus, onde foram constatados 04 ferimentos por arma de fogo (01 na perna esquerda e tr\u00eas no bra\u00e7o esquerdo), sendo encaminhado para o centro cir\u00fargico. De posse das caracter\u00edsticas, realizado intenso rastreamento, os autores foram localizados e presos na Rua Carlos Luis Reiter. A motiva\u00e7\u00e3o do crime teria sido uma d\u00edvida de um aparelho celular. O ve\u00edculo utilizado no crime foi removido, a arma de fogo n\u00e3o foi localizada e os homens de 41 e 58 anos de idade foram conduzidos presos \u00e0 Delegacia.<\/p>\n","protected":false},"excerpt":{"rendered":"<p>No dia 09mai21, por volta das 22h21min, durante Opera\u00e7\u00e3o Batida Policial desencadeada pela Pol\u00edcia Militar no bairro Santa Rita, os militares foram acionados via COPOM a comparecer na Rua Urias Fonseca para averigua\u00e7\u00e3o de disparo de arma de fogo. No local, os policiais se depararam com a v\u00edtima, um homem de 34 anos ferido, e [&hellip;]<\/p>\n","protected":false},"author":246,"featured_media":182200,"comment_status":"closed","ping_status":"closed","sticky":false,"template":"","format":"standard","meta":{"footnotes":""},"categories":[301,1229],"tags":[],"class_list":["post-182199","post","type-post","status-publish","format-standard","has-post-thumbnail","hentry","category-artigos-policiais","category-policial"],"_links":{"self":[{"href":"https:\/\/diarioregionaldigital.com.br\/index.php?rest_route=\/wp\/v2\/posts\/182199","targetHints":{"allow":["GET"]}}],"collection":[{"href":"https:\/\/diarioregionaldigital.com.br\/index.php?rest_route=\/wp\/v2\/posts"}],"about":[{"href":"https:\/\/diarioregionaldigital.com.br\/index.php?rest_route=\/wp\/v2\/types\/post"}],"author":[{"embeddable":true,"href":"https:\/\/diarioregionaldigital.com.br\/index.php?rest_route=\/wp\/v2\/users\/246"}],"replies":[{"embeddable":true,"href":"https:\/\/diarioregionaldigital.com.br\/index.php?rest_route=%2Fwp%2Fv2%2Fcomments&post=182199"}],"version-history":[{"count":2,"href":"https:\/\/diarioregionaldigital.com.br\/index.php?rest_route=\/wp\/v2\/posts\/182199\/revisions"}],"predecessor-version":[{"id":182202,"href":"https:\/\/diarioregionaldigital.com.br\/index.php?rest_route=\/wp\/v2\/posts\/182199\/revisions\/182202"}],"wp:featuredmedia":[{"embeddable":true,"href":"https:\/\/diarioregionaldigital.com.br\/index.php?rest_route=\/wp\/v2\/media\/182200"}],"wp:attachment":[{"href":"https:\/\/diarioregionaldigital.com.br\/index.php?rest_route=%2Fwp%2Fv2%2Fmedia&parent=182199"}],"wp:term":[{"taxonomy":"category","embeddable":true,"href":"https:\/\/diarioregionaldigital.com.br\/index.php?rest_route=%2Fwp%2Fv2%2Fcategories&post=182199"},{"taxonomy":"post_tag","embeddable":true,"href":"https:\/\/diarioregionaldigital.com.br\/index.php?rest_route=%2Fwp%2Fv2%2Ftags&post=182199"}],"curies":[{"name":"wp","href":"https:\/\/api.w.org\/{rel}","templated":true}]}}