{"id":182192,"date":"2021-05-10T22:59:37","date_gmt":"2021-05-11T01:59:37","guid":{"rendered":"https:\/\/diarioregionaldigital.com.br\/?p=182192"},"modified":"2021-05-10T22:59:37","modified_gmt":"2021-05-11T01:59:37","slug":"estado-notifica-mais-de-mil-novos-casos-por-covid-19-3","status":"publish","type":"post","link":"https:\/\/diarioregionaldigital.com.br\/?p=182192","title":{"rendered":"Estado notifica mais de mil novos casos por Covid-19"},"content":{"rendered":"<div class=\"evo-entry-content entry-content\">\n<p>O novo\u00a0<a href=\"https:\/\/coronavirus.saude.mg.gov.br\/images\/1_2021\/05-maio\/10.05.21COVID-19_-_BOLETIM.pdf\">boletim epidemiol\u00f3gico\u00a0<\/a>publicado nesta segunda-feira (10), pela Secretaria de Estado da Sa\u00fade de Minas Gerais (SES-MG), informa que nas \u00faltimas 24h, o estado registrou mais 1.231\u00a0 novos casos por Coronav\u00edrus, totalizando 1.416.845 pessoas infectadas. Conforme o levantamento, foram contabilizadas mais 51 mortes, acumulando 36.062 vidas perdidas.<\/p>\n<p>Al\u00e9m disso, 1.305.510 pacientes est\u00e3o recuperados da doen\u00e7a, representando 92,1 % dos casos. Quanto aos dados de hospitaliza\u00e7\u00e3o, 122.404 pacientes estiveram internados e 1.294.441 estiveram em isolamento domiciliar. At\u00e9 o momento, 3.733.701 pessoas receberam a primeira dose da vacina e 1.900.448 a segunda.<\/p>\n<\/div>\n<div class=\"evo-single-footer\">\n<div class=\"evo-post-directions\">\n<div class=\"evo-post-directions-inner\">\n<div class=\"evo-prev-post\"><\/div>\n<\/div>\n<\/div>\n<\/div>\n","protected":false},"excerpt":{"rendered":"<p>O novo\u00a0boletim epidemiol\u00f3gico\u00a0publicado nesta segunda-feira (10), pela Secretaria de Estado da Sa\u00fade de Minas Gerais (SES-MG), informa que nas \u00faltimas 24h, o estado registrou mais 1.231\u00a0 novos casos por Coronav\u00edrus, totalizando 1.416.845 pessoas infectadas. Conforme o levantamento, foram contabilizadas mais 51 mortes, acumulando 36.062 vidas perdidas. Al\u00e9m disso, 1.305.510 pacientes est\u00e3o recuperados da doen\u00e7a, representando [&hellip;]<\/p>\n","protected":false},"author":246,"featured_media":182193,"comment_status":"closed","ping_status":"closed","sticky":false,"template":"","format":"standard","meta":{"footnotes":""},"categories":[252],"tags":[],"class_list":["post-182192","post","type-post","status-publish","format-standard","has-post-thumbnail","hentry","category-regiao"],"_links":{"self":[{"href":"https:\/\/diarioregionaldigital.com.br\/index.php?rest_route=\/wp\/v2\/posts\/182192","targetHints":{"allow":["GET"]}}],"collection":[{"href":"https:\/\/diarioregionaldigital.com.br\/index.php?rest_route=\/wp\/v2\/posts"}],"about":[{"href":"https:\/\/diarioregionaldigital.com.br\/index.php?rest_route=\/wp\/v2\/types\/post"}],"author":[{"embeddable":true,"href":"https:\/\/diarioregionaldigital.com.br\/index.php?rest_route=\/wp\/v2\/users\/246"}],"replies":[{"embeddable":true,"href":"https:\/\/diarioregionaldigital.com.br\/index.php?rest_route=%2Fwp%2Fv2%2Fcomments&post=182192"}],"version-history":[{"count":1,"href":"https:\/\/diarioregionaldigital.com.br\/index.php?rest_route=\/wp\/v2\/posts\/182192\/revisions"}],"predecessor-version":[{"id":182194,"href":"https:\/\/diarioregionaldigital.com.br\/index.php?rest_route=\/wp\/v2\/posts\/182192\/revisions\/182194"}],"wp:featuredmedia":[{"embeddable":true,"href":"https:\/\/diarioregionaldigital.com.br\/index.php?rest_route=\/wp\/v2\/media\/182193"}],"wp:attachment":[{"href":"https:\/\/diarioregionaldigital.com.br\/index.php?rest_route=%2Fwp%2Fv2%2Fmedia&parent=182192"}],"wp:term":[{"taxonomy":"category","embeddable":true,"href":"https:\/\/diarioregionaldigital.com.br\/index.php?rest_route=%2Fwp%2Fv2%2Fcategories&post=182192"},{"taxonomy":"post_tag","embeddable":true,"href":"https:\/\/diarioregionaldigital.com.br\/index.php?rest_route=%2Fwp%2Fv2%2Ftags&post=182192"}],"curies":[{"name":"wp","href":"https:\/\/api.w.org\/{rel}","templated":true}]}}