{"id":182180,"date":"2021-05-10T18:45:06","date_gmt":"2021-05-10T21:45:06","guid":{"rendered":"https:\/\/diarioregionaldigital.com.br\/?p=182180"},"modified":"2021-05-10T18:45:06","modified_gmt":"2021-05-10T21:45:06","slug":"pre-cadastro-de-motoristas-e-cobradores-e-pessoas-com-comorbidade-entre-45-e-49-anos-e-aberto-pela-pjf","status":"publish","type":"post","link":"https:\/\/diarioregionaldigital.com.br\/?p=182180","title":{"rendered":"Pr\u00e9-cadastro de motoristas e cobradores e pessoas com comorbidade entre 45 e 49 anos \u00e9 aberto pela PJF"},"content":{"rendered":"<p>Est\u00e1 aberto o <a href=\"https:\/\/covid19.pjf.mg.gov.br\/vacinacao_comorbidades.php\"><b>pr\u00e9-cadastro\u00a0<\/b><\/a>para imuniza\u00e7\u00e3o contra Covid-19 para pessoas autistas, e, a partir desta segunda-feira, dia 10, come\u00e7a o pr\u00e9-cadastramento para motoristas e cobradores de \u00f4nibus da cidade e pessoas com comorbidades entre 49 e 45 anos. O calend\u00e1rio de vacina\u00e7\u00e3o ser\u00e1 definido.<\/p>\n<p>Para pessoas autistas, a vacina\u00e7\u00e3o ocorre na Associa\u00e7\u00e3o de Livre Apoio ao Excepcional (Alae), na Rua Delorme de Carvalho, 53, Bom Pastor, das 9h \u00e0s 16h.<\/p>\n<p>Segundo informa\u00e7\u00f5es que constam no site da Prefeitura de Juiz de Fora, o cadastro para os trabalhadores do transporte coletivo urbano, trocadores e motoristas est\u00e1 dispon\u00edvel no <a href=\"https:\/\/covid19.pjf.mg.gov.br\/vacinacao_transporte_publico.php\"><b>site da PJF\u00a0<\/b><\/a>. A Prefeitura relembra que as empresas de \u00f4nibus repassar\u00e3o os dados de registro dos trabalhadores que devem realizar o pr\u00e9-cadastro obrigatoriamente pelo Portal da institui\u00e7\u00e3o. No dia da vacina\u00e7\u00e3o, esses profissionais devem apresentar seu Documento Identidade (RG) e Carteira de Trabalho, a fim de comprovarem sua atividade e v\u00ednculo.<\/p>\n<p>A camapnha de vacina\u00e7\u00e3o voltada a motoristas e cobradores atende \u00e0 demanda apresentada pelos trabalhadores rodovi\u00e1rios \u00e0 prefeita Margarida Salom\u00e3o por meio do Sindicato dos Trabalhadores em Empresas de Transporte Coletivo Urbano (Sinttro), uma vez que esses profissionais atuam diretamente expostos ao contato p\u00fablico, compat\u00edvel, portanto, com o Plano Nacional de Imuniza\u00e7\u00e3o (PNI).<\/p>\n<p>Os idosos que necessitam receber a segunda dose do imunizante Coronavac, devem procurar o Departamento de Sa\u00fade do Idoso (DSI), na Rua Batista de Oliveira, 943, Granbery, das 8h \u00e0s 16h, de acordo com a faixa et\u00e1ria.<\/p>\n","protected":false},"excerpt":{"rendered":"<p>Est\u00e1 aberto o pr\u00e9-cadastro\u00a0para imuniza\u00e7\u00e3o contra Covid-19 para pessoas autistas, e, a partir desta segunda-feira, dia 10, come\u00e7a o pr\u00e9-cadastramento para motoristas e cobradores de \u00f4nibus da cidade e pessoas com comorbidades entre 49 e 45 anos. O calend\u00e1rio de vacina\u00e7\u00e3o ser\u00e1 definido. Para pessoas autistas, a vacina\u00e7\u00e3o ocorre na Associa\u00e7\u00e3o de Livre Apoio ao [&hellip;]<\/p>\n","protected":false},"author":246,"featured_media":182181,"comment_status":"closed","ping_status":"closed","sticky":false,"template":"","format":"standard","meta":{"footnotes":""},"categories":[253,439],"tags":[],"class_list":["post-182180","post","type-post","status-publish","format-standard","has-post-thumbnail","hentry","category-cidade","category-ultima-hora"],"_links":{"self":[{"href":"https:\/\/diarioregionaldigital.com.br\/index.php?rest_route=\/wp\/v2\/posts\/182180","targetHints":{"allow":["GET"]}}],"collection":[{"href":"https:\/\/diarioregionaldigital.com.br\/index.php?rest_route=\/wp\/v2\/posts"}],"about":[{"href":"https:\/\/diarioregionaldigital.com.br\/index.php?rest_route=\/wp\/v2\/types\/post"}],"author":[{"embeddable":true,"href":"https:\/\/diarioregionaldigital.com.br\/index.php?rest_route=\/wp\/v2\/users\/246"}],"replies":[{"embeddable":true,"href":"https:\/\/diarioregionaldigital.com.br\/index.php?rest_route=%2Fwp%2Fv2%2Fcomments&post=182180"}],"version-history":[{"count":1,"href":"https:\/\/diarioregionaldigital.com.br\/index.php?rest_route=\/wp\/v2\/posts\/182180\/revisions"}],"predecessor-version":[{"id":182182,"href":"https:\/\/diarioregionaldigital.com.br\/index.php?rest_route=\/wp\/v2\/posts\/182180\/revisions\/182182"}],"wp:featuredmedia":[{"embeddable":true,"href":"https:\/\/diarioregionaldigital.com.br\/index.php?rest_route=\/wp\/v2\/media\/182181"}],"wp:attachment":[{"href":"https:\/\/diarioregionaldigital.com.br\/index.php?rest_route=%2Fwp%2Fv2%2Fmedia&parent=182180"}],"wp:term":[{"taxonomy":"category","embeddable":true,"href":"https:\/\/diarioregionaldigital.com.br\/index.php?rest_route=%2Fwp%2Fv2%2Fcategories&post=182180"},{"taxonomy":"post_tag","embeddable":true,"href":"https:\/\/diarioregionaldigital.com.br\/index.php?rest_route=%2Fwp%2Fv2%2Ftags&post=182180"}],"curies":[{"name":"wp","href":"https:\/\/api.w.org\/{rel}","templated":true}]}}