{"id":182177,"date":"2021-05-10T18:41:03","date_gmt":"2021-05-10T21:41:03","guid":{"rendered":"https:\/\/diarioregionaldigital.com.br\/?p=182177"},"modified":"2021-05-10T18:41:03","modified_gmt":"2021-05-10T21:41:03","slug":"mais-350-metros-de-novas-redes-de-esgoto-e-instalado-no-bairro-vila-ideal","status":"publish","type":"post","link":"https:\/\/diarioregionaldigital.com.br\/?p=182177","title":{"rendered":"Mais 350 metros de novas redes de esgoto \u00e9 instalado no bairro Vila Ideal\u00a0"},"content":{"rendered":"<p>A Companhia de Saneamento Municipal (Cesama) da Prefeitura de Juiz de Fora (PJF) seguiu com os trabalhos de remodela\u00e7\u00e3o de 350 metros da rede de esgoto da Rua Vera Consuelo Nascimento, no Bairro Vila Ideal nesta segunda-feira, 10. A via j\u00e1 recebeu 185 metros de tubos de PVC ocre, com 200 mil\u00edmetros de di\u00e2metro, at\u00e9 o momento, que ir\u00e3o refor\u00e7ar o servi\u00e7o de coleta, substituindo as antigas manilhas de barro que atendiam \u00e0 regi\u00e3o.<\/p>\n<p>O tr\u00e2nsito na rua est\u00e1 parcialmente interditado, para execu\u00e7\u00e3o dos servi\u00e7os, de segunda a sexta-feira, das 7h30 \u00e0s 17h. Dessa forma, a Cesama pede aos moradores que, se poss\u00edvel, retirem seus ve\u00edculos da via antes do in\u00edcio dos trabalhos. A previs\u00e3o \u00e9 de que a obra esteja finalizada at\u00e9 o in\u00edcio de junho.<\/p>\n<p><b>Interven\u00e7\u00f5es em Vila Ideal<\/b><\/p>\n<p>Segundo informa\u00e7\u00f5es do site da Prefeitura de Juiz de Fora, a a\u00e7\u00e3o complementa os trabalhos da Cesama no bairro Vila Ideal, que tiveram in\u00edcio em 2017, e hoje j\u00e1 somam mais de quatro mil metros de redes remodeladas, incluindo interven\u00e7\u00f5es nas avenidas Francisco Valadares e Professor Ant\u00f4nio Miranda, e nas ruas Jos\u00e9 Monteiro, Altivo Halfeld, Albino Esteves, Oleg\u00e1rio Pinto, Machado de Assis e Professora Mirtes Monteiro.<\/p>\n<p>Ser\u00e1 poss\u00edvel efetuar a separa\u00e7\u00e3o entre o esgoto e as \u00e1guas pluviais, que, at\u00e9 ent\u00e3o, eram coletados, em parte do sistema, na mesma tubula\u00e7\u00e3o com este programa cont\u00ednuo de substitui\u00e7\u00e3o de redes. Assim, o esgoto pode ser encaminhado para a Esta\u00e7\u00e3o de Tratamento de Esgoto (ETE) Uni\u00e3o-Ind\u00fastria. Or\u00e7ada em R$ 25 milh\u00f5es, a unidade iniciou suas atividades em junho de 2020.<\/p>\n<p>A ETE trata apenas os efluentes produzidos em Vila Ideal, em virtude da sua localiza\u00e7\u00e3o, nesta primeira etapa. Futuramente, a unidade receber\u00e1 os efluentes da regi\u00e3o central do munic\u00edpio, com uma vaz\u00e3o de at\u00e9 860 litros por segundo, podendo tratar cerca de 65% do esgoto em Juiz de Fora.<\/p>\n","protected":false},"excerpt":{"rendered":"<p>A Companhia de Saneamento Municipal (Cesama) da Prefeitura de Juiz de Fora (PJF) seguiu com os trabalhos de remodela\u00e7\u00e3o de 350 metros da rede de esgoto da Rua Vera Consuelo Nascimento, no Bairro Vila Ideal nesta segunda-feira, 10. A via j\u00e1 recebeu 185 metros de tubos de PVC ocre, com 200 mil\u00edmetros de di\u00e2metro, at\u00e9 [&hellip;]<\/p>\n","protected":false},"author":246,"featured_media":182178,"comment_status":"closed","ping_status":"closed","sticky":false,"template":"","format":"standard","meta":{"footnotes":""},"categories":[253,439],"tags":[],"class_list":["post-182177","post","type-post","status-publish","format-standard","has-post-thumbnail","hentry","category-cidade","category-ultima-hora"],"_links":{"self":[{"href":"https:\/\/diarioregionaldigital.com.br\/index.php?rest_route=\/wp\/v2\/posts\/182177","targetHints":{"allow":["GET"]}}],"collection":[{"href":"https:\/\/diarioregionaldigital.com.br\/index.php?rest_route=\/wp\/v2\/posts"}],"about":[{"href":"https:\/\/diarioregionaldigital.com.br\/index.php?rest_route=\/wp\/v2\/types\/post"}],"author":[{"embeddable":true,"href":"https:\/\/diarioregionaldigital.com.br\/index.php?rest_route=\/wp\/v2\/users\/246"}],"replies":[{"embeddable":true,"href":"https:\/\/diarioregionaldigital.com.br\/index.php?rest_route=%2Fwp%2Fv2%2Fcomments&post=182177"}],"version-history":[{"count":1,"href":"https:\/\/diarioregionaldigital.com.br\/index.php?rest_route=\/wp\/v2\/posts\/182177\/revisions"}],"predecessor-version":[{"id":182179,"href":"https:\/\/diarioregionaldigital.com.br\/index.php?rest_route=\/wp\/v2\/posts\/182177\/revisions\/182179"}],"wp:featuredmedia":[{"embeddable":true,"href":"https:\/\/diarioregionaldigital.com.br\/index.php?rest_route=\/wp\/v2\/media\/182178"}],"wp:attachment":[{"href":"https:\/\/diarioregionaldigital.com.br\/index.php?rest_route=%2Fwp%2Fv2%2Fmedia&parent=182177"}],"wp:term":[{"taxonomy":"category","embeddable":true,"href":"https:\/\/diarioregionaldigital.com.br\/index.php?rest_route=%2Fwp%2Fv2%2Fcategories&post=182177"},{"taxonomy":"post_tag","embeddable":true,"href":"https:\/\/diarioregionaldigital.com.br\/index.php?rest_route=%2Fwp%2Fv2%2Ftags&post=182177"}],"curies":[{"name":"wp","href":"https:\/\/api.w.org\/{rel}","templated":true}]}}