{"id":182174,"date":"2021-05-10T18:34:49","date_gmt":"2021-05-10T21:34:49","guid":{"rendered":"https:\/\/diarioregionaldigital.com.br\/?p=182174"},"modified":"2021-05-10T18:53:37","modified_gmt":"2021-05-10T21:53:37","slug":"fiscalizacao-pela-vida-realiza-mais-de-cem-vistorias-no-final-de-semana","status":"publish","type":"post","link":"https:\/\/diarioregionaldigital.com.br\/?p=182174","title":{"rendered":"Mais de cem vistorias s\u00e3o realizadas no final de semana pela Fiscaliza\u00e7\u00e3o pela Vida"},"content":{"rendered":"<p>A opera\u00e7\u00e3o \u201cFiscaliza\u00e7\u00e3o pela Vida\u201d realizou 121 vistorias entre sexta-feira, 7, e domingo, 9. A Ag\u00eancia de Prote\u00e7\u00e3o e Defesa do Consumidor (Procon) fiscalizou 15 ag\u00eancias banc\u00e1rias, neste per\u00edodo, que resultou na emiss\u00e3o de tr\u00eas autua\u00e7\u00f5es e de uma notifica\u00e7\u00e3o.<\/p>\n<p>Tendo o objetivo de garantir o cumprimento da legisla\u00e7\u00e3o e das medidas sanit\u00e1rias, al\u00e9m de orientar sobre os protocolos sanit\u00e1rios, os fiscais de posturas da Secretaria de Sustentabilidade em Meio Ambiente e Atividades Urbanas (Sesmaur) emitiram 17 notifica\u00e7\u00f5es e dois autos de infra\u00e7\u00e3o entre sexta-feira e domingo. Foram autuados um bar e um centro de futebol no qual aconteceu pr\u00e1tica de esporte coletivo.<\/p>\n<p>Segundo informa\u00e7\u00f5es do site da Prefeitura de Juiz de Fora, os agentes da Guarda Municipal atuaram, ainda, para coibir a montagem de barracas, visando \u00e0 manuten\u00e7\u00e3o das condi\u00e7\u00f5es de livre tr\u00e2nsito de pedestres e evitando a aglomera\u00e7\u00e3o de vendedores nas imedia\u00e7\u00f5es da Avenida Brasil entre as Ruas Benjamim Constant e Halfeld, na esquina da Avenida Get\u00falio Vargas com a Rua Floriano Peixoto (em frente ao supermercado) e na passagem de n\u00edvel da Rua Halfeld, da linha f\u00e9rrea, pr\u00f3xima \u00e0 Pra\u00e7a da Esta\u00e7\u00e3o. No domingo, a equipe atuou de forma preventiva ocupando a Avenida Brasil.<\/p>\n<p><b>Fiscaliza\u00e7\u00e3o pela Vida<\/b><\/p>\n<p>A opera\u00e7\u00e3o \u201cFiscaliza\u00e7\u00e3o pela Vida\u201d \u00e9 uma atua\u00e7\u00e3o conjunta dos fiscais de posturas da Secretaria de Sustentabilidade em Meio Ambiente e Atividades Urbanas (Sesmaur); dos guardas municipais da Secretaria de Seguran\u00e7a Urbana e Cidadania (Sesuc); dos agentes de transporte e tr\u00e2nsito da Secretaria de Mobilidade Urbana (SMU), do Procon e da Pol\u00edcia Militar de Minas Gerais (PMMG). A a\u00e7\u00e3o \u00e9 coordenada pela secret\u00e1ria de Governo, Cidinha Louzada.<\/p>\n","protected":false},"excerpt":{"rendered":"<p>A opera\u00e7\u00e3o \u201cFiscaliza\u00e7\u00e3o pela Vida\u201d realizou 121 vistorias entre sexta-feira, 7, e domingo, 9. A Ag\u00eancia de Prote\u00e7\u00e3o e Defesa do Consumidor (Procon) fiscalizou 15 ag\u00eancias banc\u00e1rias, neste per\u00edodo, que resultou na emiss\u00e3o de tr\u00eas autua\u00e7\u00f5es e de uma notifica\u00e7\u00e3o. Tendo o objetivo de garantir o cumprimento da legisla\u00e7\u00e3o e das medidas sanit\u00e1rias, al\u00e9m de [&hellip;]<\/p>\n","protected":false},"author":246,"featured_media":182175,"comment_status":"closed","ping_status":"closed","sticky":false,"template":"","format":"standard","meta":{"footnotes":""},"categories":[253,440,439],"tags":[],"class_list":["post-182174","post","type-post","status-publish","format-standard","has-post-thumbnail","hentry","category-cidade","category-destaques-do-dia","category-ultima-hora"],"_links":{"self":[{"href":"https:\/\/diarioregionaldigital.com.br\/index.php?rest_route=\/wp\/v2\/posts\/182174","targetHints":{"allow":["GET"]}}],"collection":[{"href":"https:\/\/diarioregionaldigital.com.br\/index.php?rest_route=\/wp\/v2\/posts"}],"about":[{"href":"https:\/\/diarioregionaldigital.com.br\/index.php?rest_route=\/wp\/v2\/types\/post"}],"author":[{"embeddable":true,"href":"https:\/\/diarioregionaldigital.com.br\/index.php?rest_route=\/wp\/v2\/users\/246"}],"replies":[{"embeddable":true,"href":"https:\/\/diarioregionaldigital.com.br\/index.php?rest_route=%2Fwp%2Fv2%2Fcomments&post=182174"}],"version-history":[{"count":2,"href":"https:\/\/diarioregionaldigital.com.br\/index.php?rest_route=\/wp\/v2\/posts\/182174\/revisions"}],"predecessor-version":[{"id":182184,"href":"https:\/\/diarioregionaldigital.com.br\/index.php?rest_route=\/wp\/v2\/posts\/182174\/revisions\/182184"}],"wp:featuredmedia":[{"embeddable":true,"href":"https:\/\/diarioregionaldigital.com.br\/index.php?rest_route=\/wp\/v2\/media\/182175"}],"wp:attachment":[{"href":"https:\/\/diarioregionaldigital.com.br\/index.php?rest_route=%2Fwp%2Fv2%2Fmedia&parent=182174"}],"wp:term":[{"taxonomy":"category","embeddable":true,"href":"https:\/\/diarioregionaldigital.com.br\/index.php?rest_route=%2Fwp%2Fv2%2Fcategories&post=182174"},{"taxonomy":"post_tag","embeddable":true,"href":"https:\/\/diarioregionaldigital.com.br\/index.php?rest_route=%2Fwp%2Fv2%2Ftags&post=182174"}],"curies":[{"name":"wp","href":"https:\/\/api.w.org\/{rel}","templated":true}]}}