{"id":182170,"date":"2021-05-10T18:27:41","date_gmt":"2021-05-10T21:27:41","guid":{"rendered":"https:\/\/diarioregionaldigital.com.br\/?p=182170"},"modified":"2021-05-10T18:52:55","modified_gmt":"2021-05-10T21:52:55","slug":"confira-como-fica-a-vacinacao-contra-covid-19-nesta-terca-feira-11","status":"publish","type":"post","link":"https:\/\/diarioregionaldigital.com.br\/?p=182170","title":{"rendered":"Confira como fica a vacina\u00e7\u00e3o contra Covid-19 nesta ter\u00e7a-feira, 11"},"content":{"rendered":"<p>A Secretaria de Sa\u00fade (SS) da Prefeitura de Juiz de Fora (PJF) continua com a campanha de imuniza\u00e7\u00e3o contra o coronav\u00edrus (Covid-19) durante esta semana. Est\u00e1 aberto o pr\u00e9-cadastramento para pessoas autistas e motoristas e cobradores do transporte coletivo urbano.<\/p>\n<p>Segundo informa\u00e7\u00f5es do site da Prefeitura de Juiz de Fora, o Departamento de Sa\u00fade do Idoso (DSI) est\u00e1 sendo aplicada a primeira dose para idosos acima de 60 anos que ainda n\u00e3o receberam o imunizante. O Departamento tamb\u00e9m vai disponibilizar a segunda dose do imunizante Coronavac nesta ter\u00e7a-feira, 11, para pessoas com 67 anos ou mais.<\/p>\n<p>A aplica\u00e7\u00e3o da primeira e segunda dose do imunizante Astrazeneca em pessoas acima de 60 anos continua no Sport Club. As gr\u00e1vidas com comorbidades (1\u00ba trimestre de gesta\u00e7\u00e3o) e as pu\u00e9rperas com comorbidades que completaram de um a 15 dias do parto tamb\u00e9m ser\u00e3o imunizadas no local. O Sport tamb\u00e9m \u00e9 refer\u00eancia para pessoas com S\u00edndrome de Down que n\u00e3o se vacinaram na Associa\u00e7\u00e3o de Pais e Amigos dos Excepcionais (Apae) ou na Associa\u00e7\u00e3o do Livre Apoio ao Excepcional (Alae). O atendimento \u00e9 das 9h \u00e0s 16h. A imuniza\u00e7\u00e3o dos pacientes renais em di\u00e1lise continua nas cl\u00ednicas de atendimento.<\/p>\n<p>J\u00e1 est\u00e1 dispon\u00edvel e aberto o pr\u00e9-cadastro para pessoas com comorbidades e pessoas com defici\u00eancia permanente cadastradas no BPC, entre 45 e 49 anos. Nesta ter\u00e7a-feira, 11, ser\u00e3o imunizados pessoas com 56 e 57 anos. A vacina\u00e7\u00e3o ser\u00e1 de segunda a s\u00e1bado, no Sport Club, das 9h \u00e0s 16h. No s\u00e1bado, estar\u00e1 dispon\u00edvel tamb\u00e9m o drive-thru da Universidade Federal de Juiz de Fora (UFJF) para a faixa et\u00e1ria acima de 50 anos, das 9h \u00e0s 16h.<\/p>\n<p>No Restaurante Universit\u00e1rio (RU) da UFJF, na Rua Santo Ant\u00f4nio, ao lado do Museu Murilo Mendes, das 9h \u00e0s 16h est\u00e3o sendo vacinados os trabalhadores de sa\u00fade, pr\u00e9-cadastrados anteriormente. Nesta ter\u00e7a-feira, 11, ser\u00e3o vacinadas pessoas com 27, 28 e 29 anos. As pessoas que n\u00e3o se vacinaram na data agendada devem aguardar a reabertura do cadastro que acontece nesta sexta-feira, dia 14.<\/p>\n<p><b>Calend\u00e1rio de vacina\u00e7\u00e3o<\/b><\/p>\n<p><b>Idosos<\/b><br \/>\nTer\u00e7a-feira, dia 11 &#8211; com 67 anos<br \/>\nquarta-feira, dia 12 &#8211; 66 anos<br \/>\nquinta-feira, dia 13 &#8211; 65 anos<br \/>\nna sexta-feira, dia 14 &#8211; 60 anos ou mais<\/p>\n<p><b>Pacientes renais em tratamento<\/b><br \/>\nLocais: Cl\u00ednicas de hemodi\u00e1lise desde o dia 5<\/p>\n<p><b>Pu\u00e9rperas com comorbidades<\/b><br \/>\nLocal: Sport Club JF, das 9h \u00e0s 16h<br \/>\nTer\u00e7a-feira, dia 11 &#8211; de 1 a 14 dias do parto<\/p>\n<p><b>Gestantes com comorbidades<\/b><br \/>\nLocal: Sport Club JF, das 9h \u00e0s 16h<br \/>\nTer\u00e7a-feira, dia 11 &#8211; 1\u00ba trimestre de gesta\u00e7\u00e3o<\/p>\n<p><b>Pessoas com S\u00edndrome de Down<\/b><br \/>\nLocal: Sport Club JF, 9h \u00e0s 16h<br \/>\nPessoas que n\u00e3o foram imunizadas na Apae e na Alae<\/p>\n<p><b>Trabalhadores de Sa\u00fade Cadastrados<\/b><br \/>\nLocal: Restaurante Universit\u00e1rio (RU) da UFJF, das 9h \u00e0s 16h<br \/>\nter\u00e7a, dia 11: 27,28 e 29 anos<br \/>\nquarta, dia 12: 24, 25 e 26 anos<br \/>\nquinta, dia 13: 22 e 23 anos<br \/>\nsexta, dia 14: 18,19,20 e 21 anos<\/p>\n<p><b>Pessoas com comorbidades e defici\u00eancia permanente cadastradas no BPC, entre 50 e 59 anos<\/b><br \/>\nLocal: Sport Club, de segunda \u00e0 s\u00e1bado, das 9h \u00e0s 16h<br \/>\nS\u00e1bado: Drive-thru da UFJF, das 9h \u00e0s 16h<\/p>\n<p>Ter\u00e7a-feira, dia 11 &#8211; 56 e 57 anos<br \/>\nquarta, dia 12 &#8211; 55 anos ou mais<br \/>\nquinta, dia 13 &#8211; 53 e 54 anos<br \/>\nsexta, dia 14 &#8211; 51 e 52 anos<br \/>\nNo s\u00e1bado, dia 15, 50 anos ou mais.<\/p>\n","protected":false},"excerpt":{"rendered":"<p>A Secretaria de Sa\u00fade (SS) da Prefeitura de Juiz de Fora (PJF) continua com a campanha de imuniza\u00e7\u00e3o contra o coronav\u00edrus (Covid-19) durante esta semana. Est\u00e1 aberto o pr\u00e9-cadastramento para pessoas autistas e motoristas e cobradores do transporte coletivo urbano. Segundo informa\u00e7\u00f5es do site da Prefeitura de Juiz de Fora, o Departamento de Sa\u00fade do [&hellip;]<\/p>\n","protected":false},"author":246,"featured_media":182171,"comment_status":"closed","ping_status":"closed","sticky":false,"template":"","format":"standard","meta":{"footnotes":""},"categories":[253,440,439],"tags":[],"class_list":["post-182170","post","type-post","status-publish","format-standard","has-post-thumbnail","hentry","category-cidade","category-destaques-do-dia","category-ultima-hora"],"_links":{"self":[{"href":"https:\/\/diarioregionaldigital.com.br\/index.php?rest_route=\/wp\/v2\/posts\/182170","targetHints":{"allow":["GET"]}}],"collection":[{"href":"https:\/\/diarioregionaldigital.com.br\/index.php?rest_route=\/wp\/v2\/posts"}],"about":[{"href":"https:\/\/diarioregionaldigital.com.br\/index.php?rest_route=\/wp\/v2\/types\/post"}],"author":[{"embeddable":true,"href":"https:\/\/diarioregionaldigital.com.br\/index.php?rest_route=\/wp\/v2\/users\/246"}],"replies":[{"embeddable":true,"href":"https:\/\/diarioregionaldigital.com.br\/index.php?rest_route=%2Fwp%2Fv2%2Fcomments&post=182170"}],"version-history":[{"count":2,"href":"https:\/\/diarioregionaldigital.com.br\/index.php?rest_route=\/wp\/v2\/posts\/182170\/revisions"}],"predecessor-version":[{"id":182173,"href":"https:\/\/diarioregionaldigital.com.br\/index.php?rest_route=\/wp\/v2\/posts\/182170\/revisions\/182173"}],"wp:featuredmedia":[{"embeddable":true,"href":"https:\/\/diarioregionaldigital.com.br\/index.php?rest_route=\/wp\/v2\/media\/182171"}],"wp:attachment":[{"href":"https:\/\/diarioregionaldigital.com.br\/index.php?rest_route=%2Fwp%2Fv2%2Fmedia&parent=182170"}],"wp:term":[{"taxonomy":"category","embeddable":true,"href":"https:\/\/diarioregionaldigital.com.br\/index.php?rest_route=%2Fwp%2Fv2%2Fcategories&post=182170"},{"taxonomy":"post_tag","embeddable":true,"href":"https:\/\/diarioregionaldigital.com.br\/index.php?rest_route=%2Fwp%2Fv2%2Ftags&post=182170"}],"curies":[{"name":"wp","href":"https:\/\/api.w.org\/{rel}","templated":true}]}}