{"id":182162,"date":"2021-05-10T18:12:28","date_gmt":"2021-05-10T21:12:28","guid":{"rendered":"https:\/\/diarioregionaldigital.com.br\/?p=182162"},"modified":"2021-05-10T18:12:28","modified_gmt":"2021-05-10T21:12:28","slug":"martine-e-kahena-faturam-bronze-em-campeonato-de-vela-em-cascais","status":"publish","type":"post","link":"https:\/\/diarioregionaldigital.com.br\/?p=182162","title":{"rendered":"Martine e Kahena faturam bronze em campeonato de vela em Cascais"},"content":{"rendered":"<p>J\u00e1 classificadas para os Jogos Ol\u00edmpicos de T\u00f3quio, as velejadoras brasileiras Martine Grael e Kahena Kunze conquistaram neste domingo (9.05) a medalha de bronze na classe 49erFX no Campeonato de Vela de Cascais (Portugal), que reuniu algumas das melhores duplas da Am\u00e9rica, Europa, \u00c1sia e Oceania.<\/p>\n<p>Na medal race (regata final, com maior peso na pontua\u00e7\u00e3o), as atuais campe\u00e3s ol\u00edmpicas (Rio 2016) chegaram em segundo lugar, garantindo a terceira posi\u00e7\u00e3o na classifica\u00e7\u00e3o geral. As duas s\u00e3o integrantes da categoria P\u00f3dio, a principal do Bolsa Atleta, programa do Governo Federal brasileiro executado pela\u00a0 Secretaria Especial do Esporte do Minist\u00e9rio da Cidadania. As alem\u00e3s Tina Lutz e Susann Beucke conquistaram o ouro e a prata ficou com as espanholas Tamara Echegoyen e Paula Barcel\u00f3.<\/p>\n<p>Na reta final de prepara\u00e7\u00e3o para T\u00f3quio, Martine e Kahena abriram a temporada com medalha de ouro na Regata Internacional de Lanzarote (Espanha), no fim de mar\u00e7o. A disputa tamb\u00e9m reuniu os melhores da classe 49erFX.\u00a0A 74 dias da abertura dos Jogos de T\u00f3quio, a dupla brasileira \u00e9 uma das favoritas ao ouro. Elas asseguraram a vaga ol\u00edmpica em fevereiro do ano passado durante o Mundial de Vela em Geelong (Austr\u00e1lia).<\/p>\n<p>Na competi\u00e7\u00e3o em Portugal, o Brasil foi representado ainda pela dupla Marco Grael e Gabriel Borges no Campeonato de Cascais, na classe 49er. Eles chegaram em nono lugar na medal race, e n\u00e3o pontuaram o sufiente para subir ao p\u00f3dio. Grael e Borges tamb\u00e9m j\u00e1 est\u00e3o garantidos nos Jogos de T\u00f3quio.<\/p>\n<p>Fonte: Ag\u00eancia Brasil<\/p>\n","protected":false},"excerpt":{"rendered":"<p>J\u00e1 classificadas para os Jogos Ol\u00edmpicos de T\u00f3quio, as velejadoras brasileiras Martine Grael e Kahena Kunze conquistaram neste domingo (9.05) a medalha de bronze na classe 49erFX no Campeonato de Vela de Cascais (Portugal), que reuniu algumas das melhores duplas da Am\u00e9rica, Europa, \u00c1sia e Oceania. Na medal race (regata final, com maior peso na [&hellip;]<\/p>\n","protected":false},"author":246,"featured_media":182163,"comment_status":"closed","ping_status":"closed","sticky":false,"template":"","format":"standard","meta":{"footnotes":""},"categories":[257,439],"tags":[],"class_list":["post-182162","post","type-post","status-publish","format-standard","has-post-thumbnail","hentry","category-esporte","category-ultima-hora"],"_links":{"self":[{"href":"https:\/\/diarioregionaldigital.com.br\/index.php?rest_route=\/wp\/v2\/posts\/182162","targetHints":{"allow":["GET"]}}],"collection":[{"href":"https:\/\/diarioregionaldigital.com.br\/index.php?rest_route=\/wp\/v2\/posts"}],"about":[{"href":"https:\/\/diarioregionaldigital.com.br\/index.php?rest_route=\/wp\/v2\/types\/post"}],"author":[{"embeddable":true,"href":"https:\/\/diarioregionaldigital.com.br\/index.php?rest_route=\/wp\/v2\/users\/246"}],"replies":[{"embeddable":true,"href":"https:\/\/diarioregionaldigital.com.br\/index.php?rest_route=%2Fwp%2Fv2%2Fcomments&post=182162"}],"version-history":[{"count":2,"href":"https:\/\/diarioregionaldigital.com.br\/index.php?rest_route=\/wp\/v2\/posts\/182162\/revisions"}],"predecessor-version":[{"id":182165,"href":"https:\/\/diarioregionaldigital.com.br\/index.php?rest_route=\/wp\/v2\/posts\/182162\/revisions\/182165"}],"wp:featuredmedia":[{"embeddable":true,"href":"https:\/\/diarioregionaldigital.com.br\/index.php?rest_route=\/wp\/v2\/media\/182163"}],"wp:attachment":[{"href":"https:\/\/diarioregionaldigital.com.br\/index.php?rest_route=%2Fwp%2Fv2%2Fmedia&parent=182162"}],"wp:term":[{"taxonomy":"category","embeddable":true,"href":"https:\/\/diarioregionaldigital.com.br\/index.php?rest_route=%2Fwp%2Fv2%2Fcategories&post=182162"},{"taxonomy":"post_tag","embeddable":true,"href":"https:\/\/diarioregionaldigital.com.br\/index.php?rest_route=%2Fwp%2Fv2%2Ftags&post=182162"}],"curies":[{"name":"wp","href":"https:\/\/api.w.org\/{rel}","templated":true}]}}