{"id":182159,"date":"2021-05-10T18:09:47","date_gmt":"2021-05-10T21:09:47","guid":{"rendered":"https:\/\/diarioregionaldigital.com.br\/?p=182159"},"modified":"2021-05-10T18:09:47","modified_gmt":"2021-05-10T21:09:47","slug":"na-reta-final-para-toquio-alison-santos-bate-marca-de-25-anos-nos-400m-com-barreiras","status":"publish","type":"post","link":"https:\/\/diarioregionaldigital.com.br\/?p=182159","title":{"rendered":"Na reta final para T\u00f3quio, Alison Santos bate marca de 25 anos nos 400m com barreiras"},"content":{"rendered":"<p>O paulista Alison Brendom Alves dos Santos (Pinheiros) quebrou na noite deste domingo (9.05) os recordes sul-americanos adulto e sub-23 dos 400m com barreiras, com a marca de 47s68, durante o Mt. Sac World Challenge, s\u00e9rie ouro da World Athletics Continental Tour, disputado em Walnut, na Calif\u00f3rnia, nos Estados Unidos.<\/p>\n<p>Com 20 anos, o campe\u00e3o dos Jogos Pan-Americanos de Lima e finalista do Mundial de Doha, ambas competi\u00e7\u00f5es realizadas em 2019, terminou a prova de alt\u00edssima qualidade em terceiro lugar. O norte-americano Rai Benjamin, nascido em Antigua &amp; Barbuda, foi o campe\u00e3o, com 47s13, seguido de Kyron McMaster, das Ilhas Virgens Brit\u00e2nicas, com 47s50.\u00a0Os tr\u00eas lideram o ranking mundial de 2021.<\/p>\n<p>Para se ter uma ideia da qualidade da prova, o tempo de Alison seria suficiente para ele ter conquistado a medalha de bronze no \u00faltimo Mundial de Atletismo, disputado em 2019, em Doha, no Catar. L\u00e1, o vencedor foi\u00a0o noruegu\u00eas Karsten Warholm, com 47s42, seguido pelo pr\u00f3prio Rai Benjamin, com 47s66. O bronze naquela ocasi\u00e3o ficou com Abderrahman Samba, do Catar, que completou em 48s03. Alison disputou aquela final e fechou a dist\u00e2ncia com 48s28, que at\u00e9 ent\u00e3o era sua melhor marca pessoal.\u00a0Mais do que isso, o tempo dos tr\u00eas atletas nos Estados Unidos valeria o p\u00f3dio completo nos Jogos Ol\u00edmpicos Rio 2016. Na capital fluminense, a medalha de ouro foi conquistada pelo\u00a0 norte-americano Kerron Clement, com 47s73.<\/p>\n<p>Com o resultado, Alison, nascido no dia 3 de junho de 2000, na cidade de S\u00e3o Joaquim da Barra, quebrou o recorde brasileiro que pertencia a Eronilde Ara\u00fajo (48s04) desde o dia 12 de julho de 1995. Com isso, tornou-se o primeiro brasileiro a correr a prova abaixo da marca de 48 segundos. J\u00e1 o recorde sul-americano era do panamenho Bayano Ali Kamani, com 47s84, desde o Mundial de Helsinque-2005. O barreirista \u00e9 integrante da categoria P\u00f3dio, a principal do Bolsa Atleta, programa do Governo Federal executado pela Secretaria Especial do Esporte do Minist\u00e9rio da Cidadania.<\/p>\n<p>Orientado pelo treinador Felipe de Siqueira, Alison liderava o ranking mundial, com a marca de 48s15, alcan\u00e7ada no Drake Relays, em Des Moines, tamb\u00e9m nos Estados Unidos, no dia 14 de abril. Em seguida, o atleta integrou a\u00a0<strong><a class=\"internal-link\" title=\"\" href=\"http:\/\/rededoesporte.gov.br\/pt-br\/noticias\/brasil-conquista-medalha-de-prata-no-4x400-m-misto-no-mundial-da-polonia\" target=\"_self\" rel=\"noopener\">sele\u00e7\u00e3o que conquistou a medalha de prata no revezamento 4 x 400m misto no Mundial de Revezamentos<\/a><\/strong>, na Sil\u00e9sia, na Pol\u00f4nia.<\/p>\n<p>Considerado a maior revela\u00e7\u00e3o do atletismo brasileiro nos \u00faltimos anos, Alison participa desde mar\u00e7o do Camping Internacional de Treinamento e Competi\u00e7\u00e3o em Chula Vista, no condado de San Diego, dentro do Programa de Prepara\u00e7\u00e3o Ol\u00edmpica, numa parceria entre a Confedera\u00e7\u00e3o Brasileira de Atletismo (CBAt) e o Comit\u00ea Ol\u00edmpico do Brasil (COB).<\/p>\n<p>Nos 100m, Felipe Bardi dos Santos (SESI-SP) e Derick Souza (Pinheiros) terminaram em s\u00e9timo lugar nas duas s\u00e9ries eliminat\u00f3rias, com 10s24 e 10s38, respectivamente. A vit\u00f3ria foi do norte-americano Cravon Gillespie, com 9s96. Augusto Dutra e Keila Costa tamb\u00e9m participaram do evento. Augusto ficou em 10\u00ba lugar no salto com vara, com 5,35m, enquanto Keila ficou em s\u00e9timo no salto triplo, com 13m61.<\/p>\n<p>Fonte: Confedera\u00e7\u00e3o Brasileira de Atletismo (CBAt)<\/p>\n","protected":false},"excerpt":{"rendered":"<p>O paulista Alison Brendom Alves dos Santos (Pinheiros) quebrou na noite deste domingo (9.05) os recordes sul-americanos adulto e sub-23 dos 400m com barreiras, com a marca de 47s68, durante o Mt. Sac World Challenge, s\u00e9rie ouro da World Athletics Continental Tour, disputado em Walnut, na Calif\u00f3rnia, nos Estados Unidos. Com 20 anos, o campe\u00e3o [&hellip;]<\/p>\n","protected":false},"author":246,"featured_media":182160,"comment_status":"closed","ping_status":"closed","sticky":false,"template":"","format":"standard","meta":{"footnotes":""},"categories":[257,439],"tags":[],"class_list":["post-182159","post","type-post","status-publish","format-standard","has-post-thumbnail","hentry","category-esporte","category-ultima-hora"],"_links":{"self":[{"href":"https:\/\/diarioregionaldigital.com.br\/index.php?rest_route=\/wp\/v2\/posts\/182159","targetHints":{"allow":["GET"]}}],"collection":[{"href":"https:\/\/diarioregionaldigital.com.br\/index.php?rest_route=\/wp\/v2\/posts"}],"about":[{"href":"https:\/\/diarioregionaldigital.com.br\/index.php?rest_route=\/wp\/v2\/types\/post"}],"author":[{"embeddable":true,"href":"https:\/\/diarioregionaldigital.com.br\/index.php?rest_route=\/wp\/v2\/users\/246"}],"replies":[{"embeddable":true,"href":"https:\/\/diarioregionaldigital.com.br\/index.php?rest_route=%2Fwp%2Fv2%2Fcomments&post=182159"}],"version-history":[{"count":1,"href":"https:\/\/diarioregionaldigital.com.br\/index.php?rest_route=\/wp\/v2\/posts\/182159\/revisions"}],"predecessor-version":[{"id":182161,"href":"https:\/\/diarioregionaldigital.com.br\/index.php?rest_route=\/wp\/v2\/posts\/182159\/revisions\/182161"}],"wp:featuredmedia":[{"embeddable":true,"href":"https:\/\/diarioregionaldigital.com.br\/index.php?rest_route=\/wp\/v2\/media\/182160"}],"wp:attachment":[{"href":"https:\/\/diarioregionaldigital.com.br\/index.php?rest_route=%2Fwp%2Fv2%2Fmedia&parent=182159"}],"wp:term":[{"taxonomy":"category","embeddable":true,"href":"https:\/\/diarioregionaldigital.com.br\/index.php?rest_route=%2Fwp%2Fv2%2Fcategories&post=182159"},{"taxonomy":"post_tag","embeddable":true,"href":"https:\/\/diarioregionaldigital.com.br\/index.php?rest_route=%2Fwp%2Fv2%2Ftags&post=182159"}],"curies":[{"name":"wp","href":"https:\/\/api.w.org\/{rel}","templated":true}]}}