{"id":182155,"date":"2021-05-10T18:06:45","date_gmt":"2021-05-10T21:06:45","guid":{"rendered":"https:\/\/diarioregionaldigital.com.br\/?p=182155"},"modified":"2021-05-10T18:06:45","modified_gmt":"2021-05-10T21:06:45","slug":"jessica-yamada-tem-atuacao-perfeita-e-sua-equipe-vai-disputar-a-final-da-liga-sueca","status":"publish","type":"post","link":"https:\/\/diarioregionaldigital.com.br\/?p=182155","title":{"rendered":"Jessica Yamada tem atua\u00e7\u00e3o perfeita e sua equipe vai disputar a final da Liga Sueca"},"content":{"rendered":"<p>Integrante do Bolsa Atleta e convocada para os Jogos Ol\u00edmpicos Rio 2016, Jessica Yamada fez bonito neste fim de semana. No s\u00e1bado (8.05), a mesatenista venceu duas partidas contra o Halmstad e ajudou a classificar sua equipe, o K\u00f6pings, para a final da liga nacional da Su\u00e9cia. A disputa do t\u00edtulo tem in\u00edcio no dia 19 de maio, contra o Esl\u00f6vs.<\/p>\n<p>Depois de perder a primeira partida fora de casa pelas semifinais contra o Halmstad, o K\u00f6pings se recuperou e garantiu vaga na final. A primeira vit\u00f3ria aconteceu na \u00faltima sexta-feira (7.05), com participa\u00e7\u00e3o perfeita de Jessica Yamada. Primeiro, a brasileira venceu Lina Svensson por 3 a 0 (11\/6, 11\/7 e 11\/9); depois, repetiu o placar contra Erika Front: 3 a 0, com parciais de 11\/7, 11\/10 e 11\/6. A partida terminou em 5 a 2 para o clube de Jessica, empatando o agregado.<\/p>\n<p>O terceiro e \u00faltimo jogo aconteceu neste s\u00e1bado (8.05) e o K\u00f6pings venceu o Halmstad por 5 a 1. J\u00e9ssica repetiu a atua\u00e7\u00e3o impec\u00e1vel e ganhou os dois confrontos que disputou: primeiro, contra Lina Svensson, por 3 sets a 0 (11\/5, 11\/4 e 11\/6); e, em seguida, repetiu o placar contra Erika Front, 3 a 0 com parciais de 11\/6, 11\/5 e 11\/8.<\/p>\n<p><strong>Leoas fora da final<\/strong><\/p>\n<p>Em Portugal, Bruna Takahashi esteve em a\u00e7\u00e3o na \u00faltima quinta-feira (6.05) e fez sua parte, vencendo os jogos que disputou. Ainda assim, seu clube, o Sporting, n\u00e3o conseguiu vencer o Juncal e abandonou a disputa pelo Campeonato Portugu\u00eas nas semifinais. A equipe da brasileira havia vencido o primeiro e perdido o segundo e, por isso, precisava do resultado positivo para chegar \u00e0 final.<\/p>\n<p>Mas n\u00e3o foi o que aconteceu. O confronto inicial da brasileira foi em dupla com Patricia Santos e as duas conseguiram se recuperar, depois de sa\u00edrem atr\u00e1s no placar: 3 a 2 (8\/11, 8\/11, 11\/7, 11\/6 e 11\/6). Na sequ\u00eancia, Bruna enfrentou Tatiana Garnova, em disputa individual, e tamb\u00e9m levou a melhor em partida complicada: 3 a 2 (10\/12, 11\/9, 11\/5, 6\/11 e 11\/9). Apesar do bom desempenho da mesa-tenista do Brasil, as \u201cleoas\u201d do Sporting foram derrotadas por 3 a 2 para o Juncal e deram adeus ao trof\u00e9u da competi\u00e7\u00e3o.<\/p>\n<p><strong>Outros brasileiros<\/strong><\/p>\n<p>A pr\u00f3xima brasileira em a\u00e7\u00e3o ser\u00e1 Caroline Kumahara, que joga nesta ter\u00e7a-feira (11.05), \u00e0s 5h (de Bras\u00edlia), pela Serie A1 na It\u00e1lia. Seu clube, o Tennistavolo Norbello, que \u00e9 quarto colocado na competi\u00e7\u00e3o, enfrenta o Eppan Tischtennis, que est\u00e1 em \u00faltimo lugar.<\/p>\n<p>J\u00e1 a equipe masculina do Sporting, de Thiago Monteiro, vai referendar a primeira coloca\u00e7\u00e3o na temporada regular do Campeonato Portugu\u00eas no s\u00e1bado (15.05). O confronto \u00e9 contra o CTM Lagos, que ocupa a d\u00e9cima e pen\u00faltima coloca\u00e7\u00e3o. Os \u201cle\u00f5es\u201d s\u00e3o os primeiros com 71 pontos, 15 a frente do Toledos, segundo colocado.<\/p>\n<p>O Istres, equipe de Eric Jouti na divis\u00e3o Pro A na Fran\u00e7a, enfrenta o La Romagne no dia 18 de maio. Na divis\u00e3o Pro B, o C\u2019Chartres, de Vitor Ishiy, que \u00e9 o terceiro colocado da competi\u00e7\u00e3o, enfrenta o Roanne, primeiro colocado, no dia 16 de maio. A diferen\u00e7a entre as equipes \u00e9 de cinco pontos.<\/p>\n<p>Fonte: Confedera\u00e7\u00e3o Brasileira de T\u00eanis de Mesa<\/p>\n<p>&nbsp;<\/p>\n","protected":false},"excerpt":{"rendered":"<p>Integrante do Bolsa Atleta e convocada para os Jogos Ol\u00edmpicos Rio 2016, Jessica Yamada fez bonito neste fim de semana. No s\u00e1bado (8.05), a mesatenista venceu duas partidas contra o Halmstad e ajudou a classificar sua equipe, o K\u00f6pings, para a final da liga nacional da Su\u00e9cia. A disputa do t\u00edtulo tem in\u00edcio no dia [&hellip;]<\/p>\n","protected":false},"author":246,"featured_media":182157,"comment_status":"closed","ping_status":"closed","sticky":false,"template":"","format":"standard","meta":{"footnotes":""},"categories":[257,439],"tags":[],"class_list":["post-182155","post","type-post","status-publish","format-standard","has-post-thumbnail","hentry","category-esporte","category-ultima-hora"],"_links":{"self":[{"href":"https:\/\/diarioregionaldigital.com.br\/index.php?rest_route=\/wp\/v2\/posts\/182155","targetHints":{"allow":["GET"]}}],"collection":[{"href":"https:\/\/diarioregionaldigital.com.br\/index.php?rest_route=\/wp\/v2\/posts"}],"about":[{"href":"https:\/\/diarioregionaldigital.com.br\/index.php?rest_route=\/wp\/v2\/types\/post"}],"author":[{"embeddable":true,"href":"https:\/\/diarioregionaldigital.com.br\/index.php?rest_route=\/wp\/v2\/users\/246"}],"replies":[{"embeddable":true,"href":"https:\/\/diarioregionaldigital.com.br\/index.php?rest_route=%2Fwp%2Fv2%2Fcomments&post=182155"}],"version-history":[{"count":1,"href":"https:\/\/diarioregionaldigital.com.br\/index.php?rest_route=\/wp\/v2\/posts\/182155\/revisions"}],"predecessor-version":[{"id":182158,"href":"https:\/\/diarioregionaldigital.com.br\/index.php?rest_route=\/wp\/v2\/posts\/182155\/revisions\/182158"}],"wp:featuredmedia":[{"embeddable":true,"href":"https:\/\/diarioregionaldigital.com.br\/index.php?rest_route=\/wp\/v2\/media\/182157"}],"wp:attachment":[{"href":"https:\/\/diarioregionaldigital.com.br\/index.php?rest_route=%2Fwp%2Fv2%2Fmedia&parent=182155"}],"wp:term":[{"taxonomy":"category","embeddable":true,"href":"https:\/\/diarioregionaldigital.com.br\/index.php?rest_route=%2Fwp%2Fv2%2Fcategories&post=182155"},{"taxonomy":"post_tag","embeddable":true,"href":"https:\/\/diarioregionaldigital.com.br\/index.php?rest_route=%2Fwp%2Fv2%2Ftags&post=182155"}],"curies":[{"name":"wp","href":"https:\/\/api.w.org\/{rel}","templated":true}]}}